{"id":8910,"date":"2022-01-14T07:00:00","date_gmt":"2022-01-14T07:00:00","guid":{"rendered":"https:\/\/www.naturenb.ca\/?p=8910"},"modified":"2022-01-12T14:53:48","modified_gmt":"2022-01-12T14:53:48","slug":"cotes-en-sante-n-b-veut-savoir-quelle-importance-accordez-vous-aux-zones-cotieres","status":"publish","type":"post","link":"https:\/\/www.naturenb.ca\/fr\/cotes-en-sante-n-b-veut-savoir-quelle-importance-accordez-vous-aux-zones-cotieres\/","title":{"rendered":"C\u00f4tes en sant\u00e9 N.-B. veut savoir : Quelle importance accordez-vous aux zones c\u00f4ti\u00e8res?"},"content":{"rendered":"<h2 class=\"wp-block-post-title\">C\u00f4tes en sant\u00e9 N.-B. veut savoir : Quelle importance accordez-vous aux zones c\u00f4ti\u00e8res?<\/h2>\n\n\n<div class=\"wp-block-image\"><figure class=\"aligncenter size-large\"><img loading=\"lazy\" decoding=\"async\" width=\"1024\" height=\"341\" src=\"https:\/\/www.naturenb.ca\/wp-content\/uploads\/2022\/01\/Blog-Banner_long-1-1024x341.png\" alt=\"\" class=\"wp-image-8911\" srcset=\"https:\/\/www.naturenb.ca\/sites\/www.naturenb.ca\/wp-content\/uploads\/2022\/01\/Blog-Banner_long-1-1024x341.png 1024w, https:\/\/www.naturenb.ca\/sites\/www.naturenb.ca\/wp-content\/uploads\/2022\/01\/Blog-Banner_long-1-300x100.png 300w, https:\/\/www.naturenb.ca\/sites\/www.naturenb.ca\/wp-content\/uploads\/2022\/01\/Blog-Banner_long-1-768x256.png 768w, https:\/\/www.naturenb.ca\/sites\/www.naturenb.ca\/wp-content\/uploads\/2022\/01\/Blog-Banner_long-1.png 200w, https:\/\/www.naturenb.ca\/sites\/www.naturenb.ca\/wp-content\/uploads\/2022\/01\/Blog-Banner_long-1-400x133.png 400w, https:\/\/www.naturenb.ca\/sites\/www.naturenb.ca\/wp-content\/uploads\/2022\/01\/Blog-Banner_long-1-600x200.png 600w, https:\/\/www.naturenb.ca\/sites\/www.naturenb.ca\/wp-content\/uploads\/2022\/01\/Blog-Banner_long-1-800x267.png 800w, https:\/\/www.naturenb.ca\/sites\/www.naturenb.ca\/wp-content\/uploads\/2022\/01\/Blog-Banner_long-1-1200x400.png 1200w, https:\/\/www.naturenb.ca\/sites\/www.naturenb.ca\/wp-content\/uploads\/2022\/01\/Blog-Banner_long-1-350x117.png 350w, https:\/\/www.naturenb.ca\/sites\/www.naturenb.ca\/wp-content\/uploads\/2022\/01\/Blog-Banner_long-1-1100x367.png 1100w\" sizes=\"auto, (max-width: 1024px) 100vw, 1024px\" \/><\/figure><\/div>\n\n\n\n<p class=\"wp-block-paragraph\"><em>Quelle importance accordez-vous aux zones c\u00f4ti\u00e8res? <\/em>C\u00f4tes en sant\u00e9 N.-B. pose cette question d\u00e8s le d\u00e9part. Le projet pluriannuel et multi-partenaires travaille avec les communaut\u00e9s pour \u201cidentifier et soutenir les activit\u00e9s le long de la c\u00f4te du golfe du Saint-Laurent au Nouveau-Brunswick qui profiteront aux esp\u00e8ces et aux habitats c\u00f4tiers dont la conservation est importante et qui ont une importance culturelle.\u201d C\u2019est \u00e9galement la question qui donne le ton de la vid\u00e9o d\u2019information cr\u00e9\u00e9e par <a href=\"https:\/\/www.facebook.com\/aulnes.ca\" target=\"_blank\" rel=\"noreferrer noopener\">Les Projets Aulnes<\/a>.<\/p>\n\n\n\n<p class=\"wp-block-paragraph\">Les Projets Aulnes est un groupe d\u2019action communautaire dont la vision est de mobiliser les communaut\u00e9s de la baie des Chaleurs afin de contribuer aux efforts mondiaux en cours pour un avenir durable et propre. Ils sont bas\u00e9s dans la municipalit\u00e9 de Nigadoo, au Nouveau-Brunswick, et leur connexion avec la r\u00e9gion de la baie des Chaleurs est tangible dans la vid\u00e9o de C\u00f4tes en sant\u00e9 N.-B.<\/p>\n\n\n\n<p class=\"wp-block-paragraph\">Nous avons pos\u00e9 quelques questions \u00e0 Danis Comeau et Renelle LeBlanc au sujet de la vid\u00e9o, et voici ce que Danis avait \u00e0 dire :<\/p>\n\n\n\n<h3 class=\"wp-block-heading\">1. On y trouve des photos uniques de sites embl\u00e9matiques de la faune et de la flore, mais aussi de personnes vivant sur la c\u00f4te, comme des personnes qui se prom\u00e8nent, des p\u00eacheurs, etc. Pourquoi avez-vous voulu les inclure?<\/h3>\n\n\n\n<p class=\"wp-block-paragraph\">Je viens du monde de la t\u00e9l\u00e9.<br>J\u2019ai toujours pr\u00e9f\u00e9r\u00e9 le style r\u00e9aliste \u00e0 celui cin\u00e9matographique. C\u2019est la raison pour laquelle nous filmons avec des cam\u00e9ras vid\u00e9o Canon. Ces cam\u00e9ras sont reconnues pour offrir des images pr\u00e9cises et vivides en couleurs natives se rapprochant le plus pr\u00eat \u00e0 ce que je vois de mes propres yeux quand je me pose sur une sc\u00e8ne \u00e0 capter. Je m\u2019inspire de pouvoir partager ces moments de r\u00e9alit\u00e9 aux gens qui voient mes \u0153uvres. \u00c7a me permet d\u2019avoir une connexion terre \u00e0 terre avec eux.<\/p>\n\n\n\n<p class=\"wp-block-paragraph\">Les images a\u00e9riennes ont \u00e9t\u00e9 choisies pour \u00e9tablir le vaste territoire de baie des Chaleures poss\u00e9dant une splendeur comparable \u00e0 partout ailleurs au monde. Je voulais offrir cette chance de se positionner de la sorte \u00e0 mes spectateurs. Les images en lapse de temps de nuit \u00e0 l\u2019intro sugg\u00e8rent un positionnement un peu plus universel. Toutes les autres images ont \u00e9t\u00e9 film\u00e9es pour repr\u00e9senter ce que l\u2019on voit ici tous les jours en sortant de la porte. Sans filtres.<\/p>\n\n\n\n<h3 class=\"wp-block-heading\">2. Qu\u2019esp\u00e9rez-vous que cette vid\u00e9o accomplisse? Qu\u2019esp\u00e9rez-vous faire ressentir aux gens lorsqu&rsquo;ils la regarderont?<\/h3>\n\n\n\n<p class=\"wp-block-paragraph\">J\u2019esp\u00e8re que les gens puissent s\u2019inspirer \u00e0 prendre un moment pour r\u00e9fl\u00e9chir \u00e0 l\u2019importance des milieux naturels dans notre quotidien, ici, le long des c\u00f4tes de la baie des Chaleurs<\/p>\n\n\n\n<h3 class=\"wp-block-heading\">3. Qu\u2019est-ce que cela fait de tourner une vid\u00e9o comme celle-ci dans votre r\u00e9gion d\u2019origine? Qu\u2019est-ce que cela signifie pour vous personnellement?<\/h3>\n\n\n\n<p class=\"wp-block-paragraph\">Pour nous ce fut une pierre de deux coups.<br>Nous nous sommes sentis privil\u00e9gi\u00e9s de filmer la vid\u00e9o dans notre coin pour avoir la chance de mettre la beaut\u00e9 de notre r\u00e9gion en \u00e9vidence tout en faisant la promotion des efforts de conservation pr\u00e9sentement en cours au niveau r\u00e9gional. L&rsquo;initiative C\u00f4tes en Sant\u00e9 NB est soutenue par Environnement et Changements Climatiques Canada. C\u2019est un beau et grand support pour le Nord-Est de la province pour l\u2019environnement qui est digne de mention.<\/p>\n\n\n\n<h3 class=\"wp-block-heading\">4. Quel a \u00e9t\u00e9 votre plan pr\u00e9f\u00e9r\u00e9 \u00e0 filmer?<\/h3>\n\n\n\n<p class=\"wp-block-paragraph\">Moi et ma partenaire aimons beaucoup le sens de l\u2019aventure. Quand on se fixe une mission, on aime atteindre notre but. Je parle pour les deux quand je dis que notre sc\u00e8ne pr\u00e9f\u00e9r\u00e9e est la premi\u00e8re lapse de temps figurant dans l\u2019intro. Nous voulions capturer la mar\u00e9e montante sur une p\u00e9riode de 6 heures tout en captant la voie lact\u00e9e pour l\u2019effet. L\u2019humidit\u00e9 montait tr\u00e8s rapidement dans ce marais ce qui rendait difficile la captation d\u2019images. Nous \u00e9tions pris au d\u00e9pourvu par la m\u00e9t\u00e9o pour avoir un ciel clair et des conditions id\u00e9ales au tournage. De plus, l&rsquo;endroit \u00e9tait difficile d\u2019acc\u00e8s. Il fallait constamment ajuster nos appareils et surveiller de pr\u00e8s le processus. Vu que le r\u00e9sultat final donnant que 5 secondes ne peut qu\u2019\u00eatre vu en montage, il nous fallait transporter l\u2019\u00e9quipement \u00e0 l\u2019endroit en question, de la placer de la d\u00e9monter \u00e0 chaque exercice. \u00c7a nous a pris 3 fois avant d\u2019arriver \u00e0 r\u00e9aliser la sc\u00e8ne.<\/p>\n\n\n\n<div class=\"wp-block-image\"><figure class=\"aligncenter size-full is-resized\"><img loading=\"lazy\" decoding=\"async\" src=\"https:\/\/www.naturenb.ca\/wp-content\/uploads\/2022\/01\/HCNB_Milky-Way.png\" alt=\"\" class=\"wp-image-8899\" width=\"466\" height=\"277\" srcset=\"https:\/\/www.naturenb.ca\/sites\/www.naturenb.ca\/wp-content\/uploads\/2022\/01\/HCNB_Milky-Way.png 200w, https:\/\/www.naturenb.ca\/sites\/www.naturenb.ca\/wp-content\/uploads\/2022\/01\/HCNB_Milky-Way-300x178.png 300w, https:\/\/www.naturenb.ca\/sites\/www.naturenb.ca\/wp-content\/uploads\/2022\/01\/HCNB_Milky-Way-400x238.png 400w, https:\/\/www.naturenb.ca\/sites\/www.naturenb.ca\/wp-content\/uploads\/2022\/01\/HCNB_Milky-Way-600x357.png 600w, https:\/\/www.naturenb.ca\/sites\/www.naturenb.ca\/wp-content\/uploads\/2022\/01\/HCNB_Milky-Way-350x208.png 350w\" sizes=\"auto, (max-width: 466px) 100vw, 466px\" \/><figcaption><em><span style=\"color:#73c167\" class=\"has-inline-color\">| Image fixe de la vid\u00e9o C\u00f4tes en sant\u00e9 N.-B.<\/span><\/em><\/figcaption><\/figure><\/div>\n\n\n\n<hr class=\"wp-block-separator is-style-dots\"\/>\n\n\n\n<p class=\"wp-block-paragraph\">Si vous n\u2019avez pas encore vu la vid\u00e9o, vous pouvez la trouver sur la <a href=\"https:\/\/www.naturenb.ca\/cotes-santes-nb\/\">page web C\u00f4tes en sant\u00e9 N.-B.<\/a> et sur la <a href=\"https:\/\/www.youtube.com\/channel\/UChz-NA-704ZaADWW0_o5d2A\" target=\"_blank\" rel=\"noreferrer noopener\">cha\u00eene YouTube de Nature NB<\/a>.<\/p>\n\n\n\n<p class=\"wp-block-paragraph\">Si vous \u00eates un r\u00e9sident de la r\u00e9gion de la baie des Chaleurs et que vous souhaitez en savoir plus sur le projet C\u00f4tes en sant\u00e9 ou vous impliquer, veuillez nous contacter \u00e0 l&rsquo;adresse <a href=\"mailto:info@naturenb.ca\">info@naturenb.ca<\/a>. Nous avons \u00e9galement besoin de vos commentaires! La page web de C\u00f4tes en sant\u00e9 N.-B. contient un sondage. Une fois que vous l\u2019aurez rempli, partagez-le avec vos amis et vos voisins!<\/p>\n\n\n\n<p class=\"wp-block-paragraph\">Nos efforts de conservation ne sont r\u00e9ussis que si nous jouons tous un r\u00f4le. Vous pouvez apporter votre contribution le long de la c\u00f4te :<\/p>\n\n\n\n<ul class=\"wp-block-list\"><li>en ramassant les d\u00e9chets<\/li><li>en tenant vos chiens en laisse<\/li><li>en laissant de l\u2019espace aux animaux sauvages<\/li><li>en \u00e9vitant de pi\u00e9tiner les plantes<\/li><li>en \u00e9vitant d\u2019utiliser des v\u00e9hicules \u00e0 moteur sur la plage.<\/li><\/ul>\n\n\n\n<h4 class=\"has-text-align-center wp-block-heading\"><a href=\"https:\/\/www.naturenb.ca\/cotes-santes-nb\"><strong>Gardez un \u0153il sur la page web de C\u00f4tes en sant\u00e9 pour des \u00e9v\u00e9nements \u00e0 venir, des nouvelles et des mises \u00e0 jour concernant le projet.<\/strong><\/a><a href=\"https:\/\/www.naturenb.ca\/cotes-santes-nb\/\">C\u00f4tes en sant\u00e9 N.-B.<\/a><\/h4>\n","protected":false},"excerpt":{"rendered":"<p>Quelle importance accordez-vous aux zones c\u00f4ti\u00e8res? C\u00f4tes en sant\u00e9 N.-B. pose cette question d\u00e8s le d\u00e9part. Le projet pluriannuel et multi-partenaires travaille avec les communaut\u00e9s pour \u201cidentifier et soutenir les [&hellip;]<\/p>\n","protected":false},"author":2,"featured_media":8913,"comment_status":"closed","ping_status":"open","sticky":false,"template":"","format":"standard","meta":{"_acf_changed":false,"_uag_custom_page_level_css":"","site-sidebar-layout":"default","site-content-layout":"","ast-site-content-layout":"default","site-content-style":"default","site-sidebar-style":"default","ast-global-header-display":"","ast-banner-title-visibility":"","ast-main-header-display":"","ast-hfb-above-header-display":"","ast-hfb-below-header-display":"","ast-hfb-mobile-header-display":"","site-post-title":"","ast-breadcrumbs-content":"","ast-featured-img":"","footer-sml-layout":"","ast-disable-related-posts":"","theme-transparent-header-meta":"","adv-header-id-meta":"","stick-header-meta":"","header-above-stick-meta":"","header-main-stick-meta":"","header-below-stick-meta":"","astra-migrate-meta-layouts":"default","ast-page-background-enabled":"default","ast-page-background-meta":{"desktop":{"background-color":"var(--ast-global-color-4)","background-image":"","background-repeat":"repeat","background-position":"center center","background-size":"auto","background-attachment":"scroll","background-type":"","background-media":"","overlay-type":"","overlay-color":"","overlay-opacity":"","overlay-gradient":""},"tablet":{"background-color":"","background-image":"","background-repeat":"repeat","background-position":"center center","background-size":"auto","background-attachment":"scroll","background-type":"","background-media":"","overlay-type":"","overlay-color":"","overlay-opacity":"","overlay-gradient":""},"mobile":{"background-color":"","background-image":"","background-repeat":"repeat","background-position":"center center","background-size":"auto","background-attachment":"scroll","background-type":"","background-media":"","overlay-type":"","overlay-color":"","overlay-opacity":"","overlay-gradient":""}},"ast-content-background-meta":{"desktop":{"background-color":"var(--ast-global-color-5)","background-image":"","background-repeat":"repeat","background-position":"center center","background-size":"auto","background-attachment":"scroll","background-type":"","background-media":"","overlay-type":"","overlay-color":"","overlay-opacity":"","overlay-gradient":""},"tablet":{"background-color":"var(--ast-global-color-5)","background-image":"","background-repeat":"repeat","background-position":"center center","background-size":"auto","background-attachment":"scroll","background-type":"","background-media":"","overlay-type":"","overlay-color":"","overlay-opacity":"","overlay-gradient":""},"mobile":{"background-color":"var(--ast-global-color-5)","background-image":"","background-repeat":"repeat","background-position":"center center","background-size":"auto","background-attachment":"scroll","background-type":"","background-media":"","overlay-type":"","overlay-color":"","overlay-opacity":"","overlay-gradient":""}},"footnotes":"","_members_access_role":[],"_members_access_error":""},"categories":[187],"tags":[385,386,242,346],"class_list":["post-8910","post","type-post","status-publish","format-standard","has-post-thumbnail","hentry","category-nouvelles","tag-cotes","tag-cotes-en-sante","tag-nature-nb-fr","tag-nouveau-brunswick"],"acf":[],"yoast_head":"<!-- This site is optimized with the Yoast SEO plugin v28.4 - https:\/\/yoast.com\/product\/yoast-seo-wordpress\/ -->\n<title>C\u00f4tes en sant\u00e9 N.-B. veut savoir : Quelle importance accordez-vous aux zones c\u00f4ti\u00e8res? - Nature NB<\/title>\n<meta name=\"robots\" content=\"index, follow, max-snippet:-1, max-image-preview:large, max-video-preview:-1\" \/>\n<link rel=\"canonical\" href=\"https:\/\/www.naturenb.ca\/fr\/cotes-en-sante-n-b-veut-savoir-quelle-importance-accordez-vous-aux-zones-cotieres\/\" \/>\n<meta property=\"og:locale\" content=\"fr_CA\" \/>\n<meta property=\"og:type\" content=\"article\" \/>\n<meta property=\"og:title\" content=\"C\u00f4tes en sant\u00e9 N.-B. veut savoir : Quelle importance accordez-vous aux zones c\u00f4ti\u00e8res? - Nature NB\" \/>\n<meta property=\"og:description\" content=\"Quelle importance accordez-vous aux zones c\u00f4ti\u00e8res? C\u00f4tes en sant\u00e9 N.-B. pose cette question d\u00e8s le d\u00e9part. Le projet pluriannuel et multi-partenaires travaille avec les communaut\u00e9s pour \u201cidentifier et soutenir les [&hellip;]\" \/>\n<meta property=\"og:url\" content=\"https:\/\/www.naturenb.ca\/fr\/cotes-en-sante-n-b-veut-savoir-quelle-importance-accordez-vous-aux-zones-cotieres\/\" \/>\n<meta property=\"og:site_name\" content=\"Nature NB\" \/>\n<meta property=\"article:published_time\" content=\"2022-01-14T07:00:00+00:00\" \/>\n<meta property=\"og:image\" content=\"https:\/\/www.naturenb.ca\/sites\/www.naturenb.ca\/wp-content\/uploads\/2022\/01\/Blog-Banner-1-1024x576.png\" \/>\n\t<meta property=\"og:image:width\" content=\"1024\" \/>\n\t<meta property=\"og:image:height\" content=\"576\" \/>\n\t<meta property=\"og:image:type\" content=\"image\/png\" \/>\n<meta name=\"author\" content=\"SymbioTIC Admin\" \/>\n<meta name=\"twitter:card\" content=\"summary_large_image\" \/>\n<meta name=\"twitter:label1\" content=\"\u00c9crit par\" \/>\n\t<meta name=\"twitter:data1\" content=\"SymbioTIC Admin\" \/>\n\t<meta name=\"twitter:label2\" content=\"Estimation du temps de lecture\" \/>\n\t<meta name=\"twitter:data2\" content=\"5 minutes\" \/>\n<script type=\"application\/ld+json\" class=\"yoast-schema-graph\">{\"@context\":\"https:\\\/\\\/schema.org\",\"@graph\":[{\"@type\":\"Article\",\"@id\":\"https:\\\/\\\/www.naturenb.ca\\\/fr\\\/cotes-en-sante-n-b-veut-savoir-quelle-importance-accordez-vous-aux-zones-cotieres\\\/#article\",\"isPartOf\":{\"@id\":\"https:\\\/\\\/www.naturenb.ca\\\/fr\\\/cotes-en-sante-n-b-veut-savoir-quelle-importance-accordez-vous-aux-zones-cotieres\\\/\"},\"author\":{\"name\":\"SymbioTIC Admin\",\"@id\":\"https:\\\/\\\/www.naturenb.ca\\\/fr\\\/#\\\/schema\\\/person\\\/3bb9896f4ebf775d808b3206795cc387\"},\"headline\":\"C\u00f4tes en sant\u00e9 N.-B. veut savoir : Quelle importance accordez-vous aux zones c\u00f4ti\u00e8res?\",\"datePublished\":\"2022-01-14T07:00:00+00:00\",\"mainEntityOfPage\":{\"@id\":\"https:\\\/\\\/www.naturenb.ca\\\/fr\\\/cotes-en-sante-n-b-veut-savoir-quelle-importance-accordez-vous-aux-zones-cotieres\\\/\"},\"wordCount\":1010,\"publisher\":{\"@id\":\"https:\\\/\\\/www.naturenb.ca\\\/fr\\\/#organization\"},\"image\":{\"@id\":\"https:\\\/\\\/www.naturenb.ca\\\/fr\\\/cotes-en-sante-n-b-veut-savoir-quelle-importance-accordez-vous-aux-zones-cotieres\\\/#primaryimage\"},\"thumbnailUrl\":\"https:\\\/\\\/www.naturenb.ca\\\/sites\\\/www.naturenb.ca\\\/wp-content\\\/uploads\\\/2022\\\/01\\\/Blog-Banner-1.png\",\"keywords\":[\"c\u00f4tes\",\"c\u00f4tes en sant\u00e9\",\"nature nb\",\"nouveau-brunswick\"],\"articleSection\":[\"Nouvelles\"],\"inLanguage\":\"fr-CA\"},{\"@type\":\"WebPage\",\"@id\":\"https:\\\/\\\/www.naturenb.ca\\\/fr\\\/cotes-en-sante-n-b-veut-savoir-quelle-importance-accordez-vous-aux-zones-cotieres\\\/\",\"url\":\"https:\\\/\\\/www.naturenb.ca\\\/fr\\\/cotes-en-sante-n-b-veut-savoir-quelle-importance-accordez-vous-aux-zones-cotieres\\\/\",\"name\":\"C\u00f4tes en sant\u00e9 N.-B. veut savoir : Quelle importance accordez-vous aux zones c\u00f4ti\u00e8res? - Nature NB\",\"isPartOf\":{\"@id\":\"https:\\\/\\\/www.naturenb.ca\\\/fr\\\/#website\"},\"primaryImageOfPage\":{\"@id\":\"https:\\\/\\\/www.naturenb.ca\\\/fr\\\/cotes-en-sante-n-b-veut-savoir-quelle-importance-accordez-vous-aux-zones-cotieres\\\/#primaryimage\"},\"image\":{\"@id\":\"https:\\\/\\\/www.naturenb.ca\\\/fr\\\/cotes-en-sante-n-b-veut-savoir-quelle-importance-accordez-vous-aux-zones-cotieres\\\/#primaryimage\"},\"thumbnailUrl\":\"https:\\\/\\\/www.naturenb.ca\\\/sites\\\/www.naturenb.ca\\\/wp-content\\\/uploads\\\/2022\\\/01\\\/Blog-Banner-1.png\",\"datePublished\":\"2022-01-14T07:00:00+00:00\",\"breadcrumb\":{\"@id\":\"https:\\\/\\\/www.naturenb.ca\\\/fr\\\/cotes-en-sante-n-b-veut-savoir-quelle-importance-accordez-vous-aux-zones-cotieres\\\/#breadcrumb\"},\"inLanguage\":\"fr-CA\",\"potentialAction\":[{\"@type\":\"ReadAction\",\"target\":[\"https:\\\/\\\/www.naturenb.ca\\\/fr\\\/cotes-en-sante-n-b-veut-savoir-quelle-importance-accordez-vous-aux-zones-cotieres\\\/\"]}]},{\"@type\":\"ImageObject\",\"inLanguage\":\"fr-CA\",\"@id\":\"https:\\\/\\\/www.naturenb.ca\\\/fr\\\/cotes-en-sante-n-b-veut-savoir-quelle-importance-accordez-vous-aux-zones-cotieres\\\/#primaryimage\",\"url\":\"https:\\\/\\\/www.naturenb.ca\\\/sites\\\/www.naturenb.ca\\\/wp-content\\\/uploads\\\/2022\\\/01\\\/Blog-Banner-1.png\",\"contentUrl\":\"https:\\\/\\\/www.naturenb.ca\\\/sites\\\/www.naturenb.ca\\\/wp-content\\\/uploads\\\/2022\\\/01\\\/Blog-Banner-1.png\",\"width\":200,\"height\":113},{\"@type\":\"BreadcrumbList\",\"@id\":\"https:\\\/\\\/www.naturenb.ca\\\/fr\\\/cotes-en-sante-n-b-veut-savoir-quelle-importance-accordez-vous-aux-zones-cotieres\\\/#breadcrumb\",\"itemListElement\":[{\"@type\":\"ListItem\",\"position\":1,\"name\":\"Home\",\"item\":\"https:\\\/\\\/www.naturenb.ca\\\/fr\\\/\"},{\"@type\":\"ListItem\",\"position\":2,\"name\":\"C\u00f4tes en sant\u00e9 N.-B. veut savoir : Quelle importance accordez-vous aux zones c\u00f4ti\u00e8res?\"}]},{\"@type\":\"WebSite\",\"@id\":\"https:\\\/\\\/www.naturenb.ca\\\/fr\\\/#website\",\"url\":\"https:\\\/\\\/www.naturenb.ca\\\/fr\\\/\",\"name\":\"Nature NB\",\"description\":\"\",\"publisher\":{\"@id\":\"https:\\\/\\\/www.naturenb.ca\\\/fr\\\/#organization\"},\"potentialAction\":[{\"@type\":\"SearchAction\",\"target\":{\"@type\":\"EntryPoint\",\"urlTemplate\":\"https:\\\/\\\/www.naturenb.ca\\\/fr\\\/?s={search_term_string}\"},\"query-input\":{\"@type\":\"PropertyValueSpecification\",\"valueRequired\":true,\"valueName\":\"search_term_string\"}}],\"inLanguage\":\"fr-CA\"},{\"@type\":\"Organization\",\"@id\":\"https:\\\/\\\/www.naturenb.ca\\\/fr\\\/#organization\",\"name\":\"Nature NB\",\"url\":\"https:\\\/\\\/www.naturenb.ca\\\/fr\\\/\",\"logo\":{\"@type\":\"ImageObject\",\"inLanguage\":\"fr-CA\",\"@id\":\"https:\\\/\\\/www.naturenb.ca\\\/fr\\\/#\\\/schema\\\/logo\\\/image\\\/\",\"url\":\"https:\\\/\\\/www.naturenb.ca\\\/sites\\\/www.naturenb.ca\\\/wp-content\\\/uploads\\\/2023\\\/10\\\/NatureNB_Logo-1.png\",\"contentUrl\":\"https:\\\/\\\/www.naturenb.ca\\\/sites\\\/www.naturenb.ca\\\/wp-content\\\/uploads\\\/2023\\\/10\\\/NatureNB_Logo-1.png\",\"width\":\"1200\",\"height\":\"750\",\"caption\":\"Nature NB\"},\"image\":{\"@id\":\"https:\\\/\\\/www.naturenb.ca\\\/fr\\\/#\\\/schema\\\/logo\\\/image\\\/\"}},{\"@type\":\"Person\",\"@id\":\"https:\\\/\\\/www.naturenb.ca\\\/fr\\\/#\\\/schema\\\/person\\\/3bb9896f4ebf775d808b3206795cc387\",\"name\":\"SymbioTIC Admin\",\"image\":{\"@type\":\"ImageObject\",\"inLanguage\":\"fr-CA\",\"@id\":\"https:\\\/\\\/secure.gravatar.com\\\/avatar\\\/c814fab14c6f67203ba004949d615c276cacbd371139d6fec0a2564346ebb65e?s=96&r=g\",\"url\":\"https:\\\/\\\/secure.gravatar.com\\\/avatar\\\/c814fab14c6f67203ba004949d615c276cacbd371139d6fec0a2564346ebb65e?s=96&r=g\",\"contentUrl\":\"https:\\\/\\\/secure.gravatar.com\\\/avatar\\\/c814fab14c6f67203ba004949d615c276cacbd371139d6fec0a2564346ebb65e?s=96&r=g\",\"caption\":\"SymbioTIC Admin\"},\"url\":\"https:\\\/\\\/www.naturenb.ca\\\/fr\\\/author\\\/shane-symbiotic\\\/\"}]}<\/script>\n<!-- \/ Yoast SEO plugin. -->","yoast_head_json":{"title":"C\u00f4tes en sant\u00e9 N.-B. veut savoir : Quelle importance accordez-vous aux zones c\u00f4ti\u00e8res? - Nature NB","robots":{"index":"index","follow":"follow","max-snippet":"max-snippet:-1","max-image-preview":"max-image-preview:large","max-video-preview":"max-video-preview:-1"},"canonical":"https:\/\/www.naturenb.ca\/fr\/cotes-en-sante-n-b-veut-savoir-quelle-importance-accordez-vous-aux-zones-cotieres\/","og_locale":"fr_CA","og_type":"article","og_title":"C\u00f4tes en sant\u00e9 N.-B. veut savoir : Quelle importance accordez-vous aux zones c\u00f4ti\u00e8res? - Nature NB","og_description":"Quelle importance accordez-vous aux zones c\u00f4ti\u00e8res? C\u00f4tes en sant\u00e9 N.-B. pose cette question d\u00e8s le d\u00e9part. Le projet pluriannuel et multi-partenaires travaille avec les communaut\u00e9s pour \u201cidentifier et soutenir les [&hellip;]","og_url":"https:\/\/www.naturenb.ca\/fr\/cotes-en-sante-n-b-veut-savoir-quelle-importance-accordez-vous-aux-zones-cotieres\/","og_site_name":"Nature NB","article_published_time":"2022-01-14T07:00:00+00:00","og_image":[{"width":1024,"height":576,"url":"https:\/\/www.naturenb.ca\/sites\/www.naturenb.ca\/wp-content\/uploads\/2022\/01\/Blog-Banner-1-1024x576.png","type":"image\/png"}],"author":"SymbioTIC Admin","twitter_card":"summary_large_image","twitter_misc":{"\u00c9crit par":"SymbioTIC Admin","Estimation du temps de lecture":"5 minutes"},"schema":{"@context":"https:\/\/schema.org","@graph":[{"@type":"Article","@id":"https:\/\/www.naturenb.ca\/fr\/cotes-en-sante-n-b-veut-savoir-quelle-importance-accordez-vous-aux-zones-cotieres\/#article","isPartOf":{"@id":"https:\/\/www.naturenb.ca\/fr\/cotes-en-sante-n-b-veut-savoir-quelle-importance-accordez-vous-aux-zones-cotieres\/"},"author":{"name":"SymbioTIC Admin","@id":"https:\/\/www.naturenb.ca\/fr\/#\/schema\/person\/3bb9896f4ebf775d808b3206795cc387"},"headline":"C\u00f4tes en sant\u00e9 N.-B. veut savoir : Quelle importance accordez-vous aux zones c\u00f4ti\u00e8res?","datePublished":"2022-01-14T07:00:00+00:00","mainEntityOfPage":{"@id":"https:\/\/www.naturenb.ca\/fr\/cotes-en-sante-n-b-veut-savoir-quelle-importance-accordez-vous-aux-zones-cotieres\/"},"wordCount":1010,"publisher":{"@id":"https:\/\/www.naturenb.ca\/fr\/#organization"},"image":{"@id":"https:\/\/www.naturenb.ca\/fr\/cotes-en-sante-n-b-veut-savoir-quelle-importance-accordez-vous-aux-zones-cotieres\/#primaryimage"},"thumbnailUrl":"https:\/\/www.naturenb.ca\/sites\/www.naturenb.ca\/wp-content\/uploads\/2022\/01\/Blog-Banner-1.png","keywords":["c\u00f4tes","c\u00f4tes en sant\u00e9","nature nb","nouveau-brunswick"],"articleSection":["Nouvelles"],"inLanguage":"fr-CA"},{"@type":"WebPage","@id":"https:\/\/www.naturenb.ca\/fr\/cotes-en-sante-n-b-veut-savoir-quelle-importance-accordez-vous-aux-zones-cotieres\/","url":"https:\/\/www.naturenb.ca\/fr\/cotes-en-sante-n-b-veut-savoir-quelle-importance-accordez-vous-aux-zones-cotieres\/","name":"C\u00f4tes en sant\u00e9 N.-B. veut savoir : Quelle importance accordez-vous aux zones c\u00f4ti\u00e8res? - Nature NB","isPartOf":{"@id":"https:\/\/www.naturenb.ca\/fr\/#website"},"primaryImageOfPage":{"@id":"https:\/\/www.naturenb.ca\/fr\/cotes-en-sante-n-b-veut-savoir-quelle-importance-accordez-vous-aux-zones-cotieres\/#primaryimage"},"image":{"@id":"https:\/\/www.naturenb.ca\/fr\/cotes-en-sante-n-b-veut-savoir-quelle-importance-accordez-vous-aux-zones-cotieres\/#primaryimage"},"thumbnailUrl":"https:\/\/www.naturenb.ca\/sites\/www.naturenb.ca\/wp-content\/uploads\/2022\/01\/Blog-Banner-1.png","datePublished":"2022-01-14T07:00:00+00:00","breadcrumb":{"@id":"https:\/\/www.naturenb.ca\/fr\/cotes-en-sante-n-b-veut-savoir-quelle-importance-accordez-vous-aux-zones-cotieres\/#breadcrumb"},"inLanguage":"fr-CA","potentialAction":[{"@type":"ReadAction","target":["https:\/\/www.naturenb.ca\/fr\/cotes-en-sante-n-b-veut-savoir-quelle-importance-accordez-vous-aux-zones-cotieres\/"]}]},{"@type":"ImageObject","inLanguage":"fr-CA","@id":"https:\/\/www.naturenb.ca\/fr\/cotes-en-sante-n-b-veut-savoir-quelle-importance-accordez-vous-aux-zones-cotieres\/#primaryimage","url":"https:\/\/www.naturenb.ca\/sites\/www.naturenb.ca\/wp-content\/uploads\/2022\/01\/Blog-Banner-1.png","contentUrl":"https:\/\/www.naturenb.ca\/sites\/www.naturenb.ca\/wp-content\/uploads\/2022\/01\/Blog-Banner-1.png","width":200,"height":113},{"@type":"BreadcrumbList","@id":"https:\/\/www.naturenb.ca\/fr\/cotes-en-sante-n-b-veut-savoir-quelle-importance-accordez-vous-aux-zones-cotieres\/#breadcrumb","itemListElement":[{"@type":"ListItem","position":1,"name":"Home","item":"https:\/\/www.naturenb.ca\/fr\/"},{"@type":"ListItem","position":2,"name":"C\u00f4tes en sant\u00e9 N.-B. veut savoir : Quelle importance accordez-vous aux zones c\u00f4ti\u00e8res?"}]},{"@type":"WebSite","@id":"https:\/\/www.naturenb.ca\/fr\/#website","url":"https:\/\/www.naturenb.ca\/fr\/","name":"Nature NB","description":"","publisher":{"@id":"https:\/\/www.naturenb.ca\/fr\/#organization"},"potentialAction":[{"@type":"SearchAction","target":{"@type":"EntryPoint","urlTemplate":"https:\/\/www.naturenb.ca\/fr\/?s={search_term_string}"},"query-input":{"@type":"PropertyValueSpecification","valueRequired":true,"valueName":"search_term_string"}}],"inLanguage":"fr-CA"},{"@type":"Organization","@id":"https:\/\/www.naturenb.ca\/fr\/#organization","name":"Nature NB","url":"https:\/\/www.naturenb.ca\/fr\/","logo":{"@type":"ImageObject","inLanguage":"fr-CA","@id":"https:\/\/www.naturenb.ca\/fr\/#\/schema\/logo\/image\/","url":"https:\/\/www.naturenb.ca\/sites\/www.naturenb.ca\/wp-content\/uploads\/2023\/10\/NatureNB_Logo-1.png","contentUrl":"https:\/\/www.naturenb.ca\/sites\/www.naturenb.ca\/wp-content\/uploads\/2023\/10\/NatureNB_Logo-1.png","width":"1200","height":"750","caption":"Nature NB"},"image":{"@id":"https:\/\/www.naturenb.ca\/fr\/#\/schema\/logo\/image\/"}},{"@type":"Person","@id":"https:\/\/www.naturenb.ca\/fr\/#\/schema\/person\/3bb9896f4ebf775d808b3206795cc387","name":"SymbioTIC Admin","image":{"@type":"ImageObject","inLanguage":"fr-CA","@id":"https:\/\/secure.gravatar.com\/avatar\/c814fab14c6f67203ba004949d615c276cacbd371139d6fec0a2564346ebb65e?s=96&r=g","url":"https:\/\/secure.gravatar.com\/avatar\/c814fab14c6f67203ba004949d615c276cacbd371139d6fec0a2564346ebb65e?s=96&r=g","contentUrl":"https:\/\/secure.gravatar.com\/avatar\/c814fab14c6f67203ba004949d615c276cacbd371139d6fec0a2564346ebb65e?s=96&r=g","caption":"SymbioTIC Admin"},"url":"https:\/\/www.naturenb.ca\/fr\/author\/shane-symbiotic\/"}]}},"uagb_featured_image_src":{"full":["https:\/\/www.naturenb.ca\/sites\/www.naturenb.ca\/wp-content\/uploads\/2022\/01\/Blog-Banner-1.png",200,113,false],"thumbnail":["https:\/\/www.naturenb.ca\/sites\/www.naturenb.ca\/wp-content\/uploads\/2022\/01\/Blog-Banner-1-150x150.png",150,150,true],"medium":["https:\/\/www.naturenb.ca\/sites\/www.naturenb.ca\/wp-content\/uploads\/2022\/01\/Blog-Banner-1-300x169.png",300,169,true],"medium_large":["https:\/\/www.naturenb.ca\/sites\/www.naturenb.ca\/wp-content\/uploads\/2022\/01\/Blog-Banner-1-768x432.png",768,432,true],"large":["https:\/\/www.naturenb.ca\/sites\/www.naturenb.ca\/wp-content\/uploads\/2022\/01\/Blog-Banner-1-1024x576.png",1024,576,true],"1536x1536":["https:\/\/www.naturenb.ca\/sites\/www.naturenb.ca\/wp-content\/uploads\/2022\/01\/Blog-Banner-1-1536x864.png",1536,864,true],"2048x2048":["https:\/\/www.naturenb.ca\/sites\/www.naturenb.ca\/wp-content\/uploads\/2022\/01\/Blog-Banner-1-2048x1152.png",2048,1152,true]},"uagb_author_info":{"display_name":"SymbioTIC Admin","author_link":"https:\/\/www.naturenb.ca\/fr\/author\/shane-symbiotic\/"},"uagb_comment_info":0,"uagb_excerpt":"Quelle importance accordez-vous aux zones c\u00f4ti\u00e8res? C\u00f4tes en sant\u00e9 N.-B. pose cette question d\u00e8s le d\u00e9part. Le projet pluriannuel et multi-partenaires travaille avec les communaut\u00e9s pour \u201cidentifier et soutenir les [&hellip;]","_links":{"self":[{"href":"https:\/\/www.naturenb.ca\/fr\/wp-json\/wp\/v2\/posts\/8910","targetHints":{"allow":["GET"]}}],"collection":[{"href":"https:\/\/www.naturenb.ca\/fr\/wp-json\/wp\/v2\/posts"}],"about":[{"href":"https:\/\/www.naturenb.ca\/fr\/wp-json\/wp\/v2\/types\/post"}],"author":[{"embeddable":true,"href":"https:\/\/www.naturenb.ca\/fr\/wp-json\/wp\/v2\/users\/2"}],"replies":[{"embeddable":true,"href":"https:\/\/www.naturenb.ca\/fr\/wp-json\/wp\/v2\/comments?post=8910"}],"version-history":[{"count":2,"href":"https:\/\/www.naturenb.ca\/fr\/wp-json\/wp\/v2\/posts\/8910\/revisions"}],"predecessor-version":[{"id":8916,"href":"https:\/\/www.naturenb.ca\/fr\/wp-json\/wp\/v2\/posts\/8910\/revisions\/8916"}],"wp:featuredmedia":[{"embeddable":true,"href":"https:\/\/www.naturenb.ca\/fr\/wp-json\/wp\/v2\/media\/8913"}],"wp:attachment":[{"href":"https:\/\/www.naturenb.ca\/fr\/wp-json\/wp\/v2\/media?parent=8910"}],"wp:term":[{"taxonomy":"category","embeddable":true,"href":"https:\/\/www.naturenb.ca\/fr\/wp-json\/wp\/v2\/categories?post=8910"},{"taxonomy":"post_tag","embeddable":true,"href":"https:\/\/www.naturenb.ca\/fr\/wp-json\/wp\/v2\/tags?post=8910"}],"curies":[{"name":"wp","href":"https:\/\/api.w.org\/{rel}","templated":true}]}}