{"id":5164,"date":"2019-11-01T14:39:16","date_gmt":"2019-11-01T17:39:16","guid":{"rendered":"https:\/\/www.naturenb.ca\/?p=5164"},"modified":"2026-06-11T12:03:54","modified_gmt":"2026-06-11T15:03:54","slug":"ornitho-et-naturaliste-jim-wilson-reconnu-avec-lordre-du-nouveau-brunswick","status":"publish","type":"post","link":"https:\/\/www.naturenb.ca\/fr\/ornitho-et-naturaliste-jim-wilson-reconnu-avec-lordre-du-nouveau-brunswick\/","title":{"rendered":"Ornithologue et naturaliste Jim Wilson reconnu avec l\u2019Ordre du Nouveau-Brunswick"},"content":{"rendered":"\n<h1 class=\"wp-block-heading\">L&rsquo;ornithologue et naturaliste Jim Wilson reconnu avec l\u2019Ordre du Nouveau-Brunswick<\/h1>\n\n\n\n<figure class=\"wp-block-image size-large\"><img loading=\"lazy\" decoding=\"async\" width=\"1024\" height=\"530\" src=\"https:\/\/staging.naturenbvps.symbiodev.xyz\/sites\/staging.naturenbvps.symbiodev.xyz\/wp-content\/uploads\/2019\/10\/J-Wilson-ONB-Investiture-Oct-30-19-1-1024x530.jpg\" alt=\"\" class=\"wp-image-13458\" srcset=\"https:\/\/www.naturenb.ca\/sites\/www.naturenb.ca\/wp-content\/uploads\/2019\/10\/J-Wilson-ONB-Investiture-Oct-30-19-1-1024x530.jpg 1024w, https:\/\/www.naturenb.ca\/sites\/www.naturenb.ca\/wp-content\/uploads\/2019\/10\/J-Wilson-ONB-Investiture-Oct-30-19-1-300x155.jpg 300w, https:\/\/www.naturenb.ca\/sites\/www.naturenb.ca\/wp-content\/uploads\/2019\/10\/J-Wilson-ONB-Investiture-Oct-30-19-1-768x397.jpg 768w, https:\/\/www.naturenb.ca\/sites\/www.naturenb.ca\/wp-content\/uploads\/2019\/10\/J-Wilson-ONB-Investiture-Oct-30-19-1-200x104.jpg 200w, https:\/\/www.naturenb.ca\/sites\/www.naturenb.ca\/wp-content\/uploads\/2019\/10\/J-Wilson-ONB-Investiture-Oct-30-19-1-400x207.jpg 400w, https:\/\/www.naturenb.ca\/sites\/www.naturenb.ca\/wp-content\/uploads\/2019\/10\/J-Wilson-ONB-Investiture-Oct-30-19-1-600x311.jpg 600w, https:\/\/www.naturenb.ca\/sites\/www.naturenb.ca\/wp-content\/uploads\/2019\/10\/J-Wilson-ONB-Investiture-Oct-30-19-1-800x414.jpg 800w, https:\/\/www.naturenb.ca\/sites\/www.naturenb.ca\/wp-content\/uploads\/2019\/10\/J-Wilson-ONB-Investiture-Oct-30-19-1-1200x621.jpg 1200w, https:\/\/www.naturenb.ca\/sites\/www.naturenb.ca\/wp-content\/uploads\/2019\/10\/J-Wilson-ONB-Investiture-Oct-30-19-1-350x181.jpg 350w, https:\/\/www.naturenb.ca\/sites\/www.naturenb.ca\/wp-content\/uploads\/2019\/10\/J-Wilson-ONB-Investiture-Oct-30-19-1-1100x569.jpg 1100w, https:\/\/www.naturenb.ca\/sites\/www.naturenb.ca\/wp-content\/uploads\/2019\/10\/J-Wilson-ONB-Investiture-Oct-30-19-1.jpg 2048w\" sizes=\"auto, (max-width: 1024px) 100vw, 1024px\" \/><figcaption class=\"wp-element-caption\">Jim Wilson re\u00e7oit l&rsquo;Ordre du NB<\/figcaption><\/figure>\n\n\n\n<p class=\"wp-block-paragraph\">1 NOVEMBRE 2019 \u2014&nbsp;C\u2019\u00e9tait un matin d\u2019\u00e9t\u00e9 modeste quand Jim Wilson a appris qu\u2019il \u00e9tait nomm\u00e9 \u00e0 l\u2019Ordre du Nouveau-Brunswick.<\/p>\n\n\n\n<p class=\"wp-block-paragraph\">\u00ab&nbsp;Je n\u2019avais aucune id\u00e9e que j\u2019avais \u00e9t\u00e9 nomin\u00e9 jusqu\u2019\u00e0 ce que j\u2019ai re\u00e7u un appel un matin en juillet du juge en chef du [Nouveau-Brunswick] avec la bonne nouvelle,&nbsp;\u00bb dit Wilson.<\/p>\n\n\n\n<p class=\"wp-block-paragraph\">L\u2019Ordre du Nouveau-Brunswick (ONB) est la plus haute distinction civile accord\u00e9 dans la province. Premi\u00e8re remise en 2002, le ONB reconna\u00eet ce \u00ab&nbsp;qui ont contribu\u00e9 de fa\u00e7on exceptionnelle au mieux-\u00eatre de la province et de sa population sur le plan social, culturel ou \u00e9conomique,&nbsp;\u00bb (Gouvernement du Nouveau-Brunswick s.d.). Les r\u00e9cipiendaires du pass\u00e9 incluent des artistes, des athl\u00e8tes, des politiciens, des \u00e9crivains, des \u00e9ducateurs, des scientifiques, des hommes d\u2019affaires et beaucoup d\u2019autres.<\/p>\n\n\n\n<p class=\"wp-block-paragraph\">Wilson se joint \u00e0 un autre naturaliste du Nouveau-Brunswick, Dr. Mary Majka dans les rangs de ceux reconnus. Mary, investie en 2005, est l\u2019un des membres fondateurs de Nature NB. Tout au long de sa vie longue et l\u00e9gendaire, elle \u00e9tait une ardente d\u00e9fenseuse de la nature dans la province et a travaill\u00e9e sur des projets li\u00e9s au patrimoine, \u00e0 la conservation, \u00e0 l\u2019\u00e9ducation, \u00e0 la d\u00e9fense des int\u00e9r\u00eats et de plus encore. Mary a \u00e9galement jou\u00e9 un r\u00f4le important dans la nomination de la m\u00e9sange \u00e0 t\u00eate noire comme oiseau provincial du Nouveau-Brunswick (Gouvernement du Nouveau-Brunswick 2005). Mais Wilson a rapidement not\u00e9 les diff\u00e9rences entre lui-m\u00eame et la c\u00e9l\u00e8bre naturaliste.<\/p>\n\n\n\n<p class=\"wp-block-paragraph\">\u00ab&nbsp;Mary \u00e9tait une personnalit\u00e9 bien diff\u00e9rente de moi,&nbsp;\u00bb dit Wilson, en riant. \u00ab&nbsp;Mary \u00e9tait ind\u00e9niable, si [elle] avait quelque chose sous son bonnet, elle allait marcher avec. J\u2019op\u00e8re autrement que \u00e7a bien s\u00fbr, mais c\u2019est un sentiment merveilleux d\u2019\u00eatre dans le m\u00eame ordre. Mais c\u2019est pour des raisons bien diff\u00e9rentes. Mary \u00e9tait un vrai visionnaire et quelqu\u2019un qui a vraiment chang\u00e9 les choses de mani\u00e8re tr\u00e8s directe, une fa\u00e7on tr\u00e8s directe.&nbsp;\u00bb<\/p>\n\n\n\n<blockquote class=\"wp-block-quote is-layout-flow wp-block-quote-is-layout-flow\">\n<p class=\"wp-block-paragraph\"><em>\u00ab&nbsp;Mary \u00e9tait une vraie visionnaire.&nbsp;\u00bb<\/em><\/p>\n<\/blockquote>\n\n\n\n<p class=\"wp-block-paragraph\">Un amoureux de la nature tout au long de la vie, Wilson nomme son p\u00e8re comme son inspiration pour son int\u00e9r\u00eat pour les oiseaux. Les deux seraient ensemble sur les fermes abandonn\u00e9es entourant leur maison, avec Wilson parfois sur les \u00e9paules de son p\u00e8re. Lors de son passage \u00e0 l\u2019Universit\u00e9 du Nouveau-Brunswick, Wilson a pens\u00e9 \u00e0 devenir biologiste de la faune, mais a finalement \u00e9tudi\u00e9 la comptabilit\u00e9. Il allait travailler dans l\u2019industrie des boissons gazeuses, comme chef des finances chez Maritime Beverages Ltd., et plus tard dans la m\u00eame position chez Pepsi Cola Canada pour la r\u00e9gion de l\u2019Atlantique (Gouvernement du Nouveau-Brunswick 2019).<\/p>\n\n\n\n<p class=\"wp-block-paragraph\">Tout au long de son carri\u00e8re dans l\u2019industrie des boissons gazeuses, Wilson n\u2019a jamais perdu son appr\u00e9ciation pour la nature. Il est rest\u00e9 un ornitho actif, co-fondateur de l\u2019Observatoire des oiseaux de Point Lepreau en 1996. C\u2019est vraiment apr\u00e8s sa retraite en 2002, cependant, que Jim a pu consacrer pleinement son temps et ses efforts au travail naturaliste. La biologie de la faune n\u2019a peut-\u00eatre pas \u00e9t\u00e9 la bonne voie pour lui en tant qu\u2019\u00e9tudiant universitaire, mais c\u2019est clair de sa richesse d\u2019exp\u00e9rience au cours des derni\u00e8res d\u00e9cennies qu\u2019il aurait sans aucun doute trouv\u00e9 le succ\u00e8s l\u00e0-bas aussi.<\/p>\n\n\n\n<figure class=\"wp-block-image size-large\"><img loading=\"lazy\" decoding=\"async\" width=\"1024\" height=\"1024\" src=\"https:\/\/staging.naturenbvps.symbiodev.xyz\/sites\/staging.naturenbvps.symbiodev.xyz\/wp-content\/uploads\/2019\/10\/Festival-of-Nature-2017-11-e1693313316791-1024x1024.jpg\" alt=\"\" class=\"wp-image-13462\" title=\"\" srcset=\"https:\/\/www.naturenb.ca\/sites\/www.naturenb.ca\/wp-content\/uploads\/2019\/10\/Festival-of-Nature-2017-11-e1693313316791-1024x1024.jpg 1024w, https:\/\/www.naturenb.ca\/sites\/www.naturenb.ca\/wp-content\/uploads\/2019\/10\/Festival-of-Nature-2017-11-e1693313316791-150x150.jpg 150w, https:\/\/www.naturenb.ca\/sites\/www.naturenb.ca\/wp-content\/uploads\/2019\/10\/Festival-of-Nature-2017-11-e1693313316791-300x300.jpg 300w, https:\/\/www.naturenb.ca\/sites\/www.naturenb.ca\/wp-content\/uploads\/2019\/10\/Festival-of-Nature-2017-11-e1693313316791-768x768.jpg 768w, https:\/\/www.naturenb.ca\/sites\/www.naturenb.ca\/wp-content\/uploads\/2019\/10\/Festival-of-Nature-2017-11-e1693313316791-66x66.jpg 66w, https:\/\/www.naturenb.ca\/sites\/www.naturenb.ca\/wp-content\/uploads\/2019\/10\/Festival-of-Nature-2017-11-e1693313316791-200x200.jpg 200w, https:\/\/www.naturenb.ca\/sites\/www.naturenb.ca\/wp-content\/uploads\/2019\/10\/Festival-of-Nature-2017-11-e1693313316791-400x400.jpg 400w, https:\/\/www.naturenb.ca\/sites\/www.naturenb.ca\/wp-content\/uploads\/2019\/10\/Festival-of-Nature-2017-11-e1693313316791-600x600.jpg 600w, https:\/\/www.naturenb.ca\/sites\/www.naturenb.ca\/wp-content\/uploads\/2019\/10\/Festival-of-Nature-2017-11-e1693313316791-800x800.jpg 800w, https:\/\/www.naturenb.ca\/sites\/www.naturenb.ca\/wp-content\/uploads\/2019\/10\/Festival-of-Nature-2017-11-e1693313316791-1200x1200.jpg 1200w, https:\/\/www.naturenb.ca\/sites\/www.naturenb.ca\/wp-content\/uploads\/2019\/10\/Festival-of-Nature-2017-11-e1693313316791.jpg 1351w\" sizes=\"auto, (max-width: 1024px) 100vw, 1024px\" \/><\/figure>\n\n\n\n<p class=\"wp-block-paragraph\">Photo : Wilson dirige un groupe d\u2019ornithologues au Festival de la nature de 2017.<\/p>\n\n\n\n<p class=\"wp-block-paragraph\">Si le travail de la vie de Wilson a montr\u00e9 quoi que ce soit, c\u2019est qu\u2019il a un insatiable sens de la curiosit\u00e9 qui continuera \u00e0 le porter en avant, et cet esprit ne semble pas s\u2019effacer de sit\u00f4t ; il n\u2019a pas l\u2019intention de se reposer sur ses lauriers dans le sillage de cette reconnaissance. Il esp\u00e8re que son nouveau r\u00f4le ouvrira quelques portes pour qu\u2019il fasse entendre sa voix au niveau provincial.<\/p>\n\n\n\n<p class=\"wp-block-paragraph\">\u00ab&nbsp;Et tu pourrais juste mettre ton orteil dans la porte, pour pouvoir parler \u00e0 quelqu\u2019un ou dire quelque chose qui aurait un peu plus d\u2019apport, et tu sais, c\u2019est important. C\u2019est tr\u00e8s important.&nbsp;\u00bb<\/p>\n\n\n\n<blockquote class=\"wp-block-quote is-layout-flow wp-block-quote-is-layout-flow\">\n<p class=\"wp-block-paragraph\"><em>\u00ab&nbsp;Et tu pourrais juste mettre ton orteil dans la porte, pour pouvoir parler \u00e0 quelqu\u2019un ou dire quelque chose qui aurait un peu plus d\u2019apport, et tu sais, c\u2019est important. C\u2019est tr\u00e8s important.&nbsp;\u00bb<\/em><\/p>\n<\/blockquote>\n\n\n\n<p class=\"wp-block-paragraph\">L\u2019ONB est l\u2019un des nombreux dans une longue liste de cr\u00e9dits que Wilson a \u00e0 son nom. Il a fait un vaste travail de comit\u00e9 et de conseil, y compris en faisant partie du conseil d\u2019administration de Nature NB pour plusieurs ann\u00e9es. Vous pouvez lui entendre sur Radio-Canada partageant sa sagesse sur les oiseaux, et il voyage aussi \u00e0 travers la province en donnant des pr\u00e9sentations aux n\u00e9o-brunswickois.es. En 2018, Wilson a re\u00e7u le prix Roland Michener pour la conservation de la F\u00e9d\u00e9ration canadienne de la faune, un prix d\u00e9cern\u00e9 chaque ann\u00e9e aux personnes qui ont un engagement manifeste envers la conservation (F\u00e9d\u00e9ration canadienne de la faune s.d.). Il a \u00e9t\u00e9 reconnu pour ce prix pour \u00eatre un joueur cl\u00e9 dans l\u2019avancement des connaissances sur les oiseaux au Nouveau-Brunswick, et pour la cr\u00e9ation de l\u2019Observatoire des oiseaux de Point Lepreau, une ressource inestimable pour l\u2019information sur la migration des oiseaux marins le long de la c\u00f4te n\u00e9o-brunswickoise de Fundy (F\u00e9d\u00e9ration canadienne de la faune 2018). L\u2019Observatoire des oiseaux de Point Lepreau \u00e9tait l\u2019un des facteurs d\u00e9terminants pour la nomination de Wilson \u00e0 l\u2019Ordre du Nouveau-Brunswick.<\/p>\n\n\n\n<p class=\"wp-block-paragraph\">Mais ce que la bio officielle de l\u2019Ordre du Nouveau-Brunswick de Wilson ne r\u00e9v\u00e8le pas, c\u2019est le fait que la motivation initiale derri\u00e8re la nomination n\u2019a pas vraiment pris en compte le travail public de Wilson. Wilson a \u00e9t\u00e9 nomm\u00e9 par un ancien voisin dont les enfants avaient pass\u00e9 beaucoup de temps avec Wilson quand ils \u00e9taient jeunes. Wilson leur a appris \u00e0 propos des oiseaux et de la nature, et maintenant que ces enfants sont adultes, ils continuent d\u2019\u00eatre impliqu\u00e9s et int\u00e9ress\u00e9s par la nature. Voir l\u2019impact que Wilson a eu sur les enfants du voisin, et probablement, sur les innombrables autres personnes que Wilson avait rencontr\u00e9es dans sa vie, \u00e9tait un signal \u00e0 son auteur de la candidature qu\u2019il \u00e9tait quelqu\u2019un qui m\u00e9ritait d\u2019\u00eatre reconnu.<\/p>\n\n\n\n<p class=\"wp-block-paragraph\">Wilson a confirm\u00e9 que l\u2019\u00e9ducation reli\u00e9 \u00e0 la nature a toujours \u00e9t\u00e9 un moyen important pour lui d\u2019inciter des changements dans sa communaut\u00e9 et, esp\u00e9rons-le, susciter de l\u2019int\u00e9r\u00eat pour les gens avec qui il se connecte. Pour les gens qui n\u2019ont pas \u00e9t\u00e9 \u00e9lev\u00e9s dans la nature, cette appr\u00e9ciation ne vient pas toujours facilement, mais pour ceux qui ont d\u00e9j\u00e0 rencontr\u00e9 Wilson ou ont assist\u00e9 \u00e0 l\u2019une de ses ateliers, il est juste de dire que sa passion est contagieuse.<\/p>\n\n\n\n<figure class=\"wp-block-image\"><img loading=\"lazy\" decoding=\"async\" width=\"1024\" height=\"528\" src=\"https:\/\/staging.naturenbvps.symbiodev.xyz\/sites\/staging.naturenbvps.symbiodev.xyz\/wp-content\/uploads\/2019\/10\/NatureKids-Hampton-May-2019-1-1024x528.jpg\" alt=\"\" class=\"wp-image-13461\" title=\"Jim Wilson \u2013 NatureKids Hampton May 2019\" srcset=\"https:\/\/www.naturenb.ca\/sites\/www.naturenb.ca\/wp-content\/uploads\/2019\/10\/NatureKids-Hampton-May-2019-1-1024x528.jpg 1024w, https:\/\/www.naturenb.ca\/sites\/www.naturenb.ca\/wp-content\/uploads\/2019\/10\/NatureKids-Hampton-May-2019-1-300x155.jpg 300w, https:\/\/www.naturenb.ca\/sites\/www.naturenb.ca\/wp-content\/uploads\/2019\/10\/NatureKids-Hampton-May-2019-1-768x396.jpg 768w, https:\/\/www.naturenb.ca\/sites\/www.naturenb.ca\/wp-content\/uploads\/2019\/10\/NatureKids-Hampton-May-2019-1-200x103.jpg 200w, https:\/\/www.naturenb.ca\/sites\/www.naturenb.ca\/wp-content\/uploads\/2019\/10\/NatureKids-Hampton-May-2019-1-400x206.jpg 400w, https:\/\/www.naturenb.ca\/sites\/www.naturenb.ca\/wp-content\/uploads\/2019\/10\/NatureKids-Hampton-May-2019-1-600x310.jpg 600w, https:\/\/www.naturenb.ca\/sites\/www.naturenb.ca\/wp-content\/uploads\/2019\/10\/NatureKids-Hampton-May-2019-1-800x413.jpg 800w, https:\/\/www.naturenb.ca\/sites\/www.naturenb.ca\/wp-content\/uploads\/2019\/10\/NatureKids-Hampton-May-2019-1-1200x619.jpg 1200w, https:\/\/www.naturenb.ca\/sites\/www.naturenb.ca\/wp-content\/uploads\/2019\/10\/NatureKids-Hampton-May-2019-1-350x181.jpg 350w, https:\/\/www.naturenb.ca\/sites\/www.naturenb.ca\/wp-content\/uploads\/2019\/10\/NatureKids-Hampton-May-2019-1-1100x568.jpg 1100w\" sizes=\"auto, (max-width: 1024px) 100vw, 1024px\" \/><\/figure>\n\n\n\n<p class=\"wp-block-paragraph\">Photo : Wilson assiste \u00e0 une r\u00e9union de NatureKids \u00e0 Hampton, N.-B. (Kate Turner)<\/p>\n\n\n\n<p class=\"wp-block-paragraph\">\u00ab&nbsp;Et donc vous faites un lien avec la nature de diff\u00e9rentes fa\u00e7ons \u00e0 travers des ateliers, les papillons monarques sont un exemple parfait\u2026 \u00c7a fait une diff\u00e9rence. Et soudain, il peut ouvrir une petite fissure pour que quelqu\u2019un ait une \u00e9tincelle d\u2019int\u00e9r\u00eat, et une chose m\u00e8ne \u00e0 une autre, \u00e0 une autre, \u00e0 une autre. Et donc ce sont les sortes de choses dont je me sens vraiment fortement.&nbsp;\u00bb<\/p>\n\n\n\n<blockquote class=\"wp-block-quote is-layout-flow wp-block-quote-is-layout-flow\">\n<p class=\"wp-block-paragraph\"><em>\u00ab&nbsp;Il peut ouvrir une petite fissure pour que quelqu\u2019un ait une \u00e9tincelle d\u2019int\u00e9r\u00eat, et une chose m\u00e8ne \u00e0 une autre, \u00e0 une autre, \u00e0 une autre.&nbsp;\u00bb<\/em><\/p>\n<\/blockquote>\n\n\n\n<p class=\"wp-block-paragraph\">Au-del\u00e0 du travail qu\u2019il a fait pour la conservation des oiseaux, Wilson est aussi impliqu\u00e9 dans <a href=\"https:\/\/www.naturenb.ca\/2019\/10\/10\/le-voyage-dun-monarque\/\">l\u2019\u00e9tiquetage des papillons monarques<\/a> dans la province. En observant les oiseaux de mer \u00e0 Point Lepreau, Wilson a remarqu\u00e9 que les papillons venaient dans la m\u00eame r\u00e9gion et pouvaient, peut-\u00eatre, migrer aussi le long de la m\u00eame route. Apr\u00e8s avoir assist\u00e9 \u00e0 un atelier d\u2019\u00e9tiquetage du monarque dans le New Jersey, Wilson a ramen\u00e9 l\u2019initiative dans la province, o\u00f9 lui et le Club des naturalistes de Saint John poursuivent le travail. En 2019, ils ont \u00e9tiquet\u00e9 1 100 papillons et esp\u00e8rent une ann\u00e9e encore meilleure en 2020.<\/p>\n\n\n\n<p class=\"wp-block-paragraph\">Quand on lui a demand\u00e9 comment il se sentait \u00e0 la veille de son investiture dans l\u2019Ordre du Nouveau-Brunswick, Wilson \u00e9tait tout sourire. Il \u00e9tait excit\u00e9, un peu timide, mais surtout impatient de se mettre au travail et de se familiariser avec son nouveau titre.<\/p>\n\n\n\n<p class=\"wp-block-paragraph\">\u00ab&nbsp;Donc, avec quelque chose comme \u00e7a vient un sens des responsabilit\u00e9s, tu sais, ce n\u2019est pas seulement, <em>N\u2019est-ce pas agr\u00e9able d\u2019avoir \u00e7a ?<\/em> Mais maintenant, vous \u00eates sell\u00e9 avec un peu plus de profil sur la base de la nature que, esp\u00e9rons-le, vous pouvez faire quelque chose de positif avec. C\u2019est ce que j\u2019esp\u00e8re.&nbsp;\u00bb&nbsp;<img loading=\"lazy\" decoding=\"async\" src=\"https:\/\/staging.naturenbvps.symbiodev.xyz\/sites\/staging.naturenbvps.symbiodev.xyz\/wp-content\/uploads\/2019\/11\/Nature-NB-colour-transparent-207x300.png\" alt=\"\" width=\"12\" height=\"17\" srcset=\"https:\/\/www.naturenb.ca\/wp-content\/uploads\/2019\/11\/Nature-NB-colour-transparent-200x290.png 200w, https:\/\/staging.naturenbvps.symbiodev.xyz\/sites\/staging.naturenbvps.symbiodev.xyz\/wp-content\/uploads\/2019\/11\/Nature-NB-colour-transparent-207x300.png 207w, https:\/\/www.naturenb.ca\/wp-content\/uploads\/2019\/11\/Nature-NB-colour-transparent-241x350.png 241w, https:\/\/www.naturenb.ca\/wp-content\/uploads\/2019\/11\/Nature-NB-colour-transparent-400x581.png 400w, https:\/\/www.naturenb.ca\/wp-content\/uploads\/2019\/11\/Nature-NB-colour-transparent-482x700.png 482w, https:\/\/www.naturenb.ca\/wp-content\/uploads\/2019\/11\/Nature-NB-colour-transparent-600x871.png 600w, https:\/\/www.naturenb.ca\/wp-content\/uploads\/2019\/11\/Nature-NB-colour-transparent-705x1024.png 705w, https:\/\/www.naturenb.ca\/wp-content\/uploads\/2019\/11\/Nature-NB-colour-transparent-768x1115.png 768w, https:\/\/www.naturenb.ca\/wp-content\/uploads\/2019\/11\/Nature-NB-colour-transparent-800x1161.png 800w, https:\/\/www.naturenb.ca\/wp-content\/uploads\/2019\/11\/Nature-NB-colour-transparent.png 826w\"><\/p>\n\n\n\n<figure class=\"wp-block-image\"><img loading=\"lazy\" decoding=\"async\" width=\"1024\" height=\"683\" src=\"https:\/\/staging.naturenbvps.symbiodev.xyz\/sites\/staging.naturenbvps.symbiodev.xyz\/wp-content\/uploads\/2019\/11\/ONB-2019-1024x683.jpg\" alt=\"\" class=\"wp-image-13464\" title=\"2019 Order of New Brunswick Recipients\" srcset=\"https:\/\/www.naturenb.ca\/sites\/www.naturenb.ca\/wp-content\/uploads\/2019\/11\/ONB-2019-1024x683.jpg 1024w, https:\/\/www.naturenb.ca\/sites\/www.naturenb.ca\/wp-content\/uploads\/2019\/11\/ONB-2019-300x200.jpg 300w, https:\/\/www.naturenb.ca\/sites\/www.naturenb.ca\/wp-content\/uploads\/2019\/11\/ONB-2019-768x512.jpg 768w, https:\/\/www.naturenb.ca\/sites\/www.naturenb.ca\/wp-content\/uploads\/2019\/11\/ONB-2019-200x133.jpg 200w, https:\/\/www.naturenb.ca\/sites\/www.naturenb.ca\/wp-content\/uploads\/2019\/11\/ONB-2019-400x267.jpg 400w, https:\/\/www.naturenb.ca\/sites\/www.naturenb.ca\/wp-content\/uploads\/2019\/11\/ONB-2019-600x400.jpg 600w, https:\/\/www.naturenb.ca\/sites\/www.naturenb.ca\/wp-content\/uploads\/2019\/11\/ONB-2019-800x533.jpg 800w, https:\/\/www.naturenb.ca\/sites\/www.naturenb.ca\/wp-content\/uploads\/2019\/11\/ONB-2019-1200x800.jpg 1200w, https:\/\/www.naturenb.ca\/sites\/www.naturenb.ca\/wp-content\/uploads\/2019\/11\/ONB-2019-350x233.jpg 350w, https:\/\/www.naturenb.ca\/sites\/www.naturenb.ca\/wp-content\/uploads\/2019\/11\/ONB-2019-1050x700.jpg 1050w\" sizes=\"auto, (max-width: 1024px) 100vw, 1024px\" \/><\/figure>\n\n\n\n<p class=\"wp-block-paragraph\">Photo : Wilson (\u00e0 l\u2019extr\u00eame gauche, rang\u00e9e arri\u00e8re) et les autres r\u00e9cipiendaires de l\u2019Ordre du Nouveau-Brunswick de 2019, accompagn\u00e9s de l\u2019honorable Brenda Murphy&nbsp;(premi\u00e8re rang\u00e9e, au centre) et l\u2019honorable Blaine Higgs (\u00e0 c\u00f4t\u00e9 de Wilson). (Gouvernment du Nouveau-Brunswick)<\/p>\n\n\n\n<h3 class=\"wp-block-heading\"><a href=\"https:\/\/www.naturenb.ca\/adhesion\">Vous vous sentez inspir\u00e9.e ? Devenez membre !<\/a><\/h3>\n\n\n\n<h4 class=\"wp-block-heading\"><a href=\"https:\/\/www.naturenb.ca\/2019\/11\/01\/ornitho-et-naturaliste-jim-wilson-reconnu-avec-lordre-du-nouveau-brunswick\/?lang=fr#e839deceab77a75ee\">Les ressources<\/a><\/h4>\n\n\n\n<p class=\"wp-block-paragraph\">F\u00e9d\u00e9ration canadienne de la faune. \u00ab Prix Roland Michener : Admissibilit\u00e9. \u00bb Acc\u00e9der le 21 Octobre 2019,&nbsp;<a href=\"http:\/\/cwf-fcf.org\/fr\/explorer\/prix\/roland-michener-conservation-award\/\">http:\/\/cwf-fcf.org\/fr\/explorer\/prix\/roland-michener-conservation-award\/<\/a><\/p>\n\n\n\n<p class=\"wp-block-paragraph\">F\u00e9d\u00e9ration canadienne de la faune. 2018. \u00ab Le Prix Roland Michener : James Wilson. \u00bb&nbsp;<a href=\"http:\/\/cwf-fcf.org\/fr\/explorer\/prix\/2018\/roland-michener-conservation.html\">http:\/\/cwf-fcf.org\/fr\/explorer\/prix\/2018\/roland-michener-conservation.html<\/a><\/p>\n\n\n\n<p class=\"wp-block-paragraph\">Gouvernment du Nouveau-Brunswick. \u00ab R\u00e9cipiendaires de l\u2019Ordre du Nouveau-Brunswick 2019. \u00bb Acc\u00e9der le 21 Octobre 2019,&nbsp;<a href=\"https:\/\/www2.gnb.ca\/content\/gnb\/fr\/corporate\/promo\/ordre_du_nouveau-brunswick\/recipiendaires_2019.html\">https:\/\/www2.gnb.ca\/content\/gnb\/fr\/corporate\/promo\/ordre_du_nouveau-brunswick\/recipiendaires_2019.html<\/a><\/p>\n\n\n\n<p class=\"wp-block-paragraph\">Gouvernment du Nouveau-Brunswick. \u00ab Ordre du Nouveau-Brunswick. \u00bb Acc\u00e9der le 21 Octobre 2019,&nbsp;<a href=\"https:\/\/www2.gnb.ca\/content\/gnb\/fr\/corporate\/promo\/ordre_du_nouveau-brunswick.html\">https:\/\/www2.gnb.ca\/content\/gnb\/fr\/corporate\/promo\/ordre_du_nouveau-brunswick.html<\/a><\/p>\n\n\n\n<p class=\"wp-block-paragraph\">Gouvernement du Nouveau-Brunswick \u2013 Affaires intergouvernementales. 2019. \u00ab R\u00c9VIS\u00c9 \/ Annonce des r\u00e9cipiendaires de l\u2019Ordre du Nouveau-Brunswick. \u00bb&nbsp;<a href=\"https:\/\/www2.gnb.ca\/content\/gnb\/fr\/nouvelles\/communique.2019.08.0449.html\">https:\/\/www2.gnb.ca\/content\/gnb\/fr\/nouvelles\/communique.2019.08.0449.html<\/a><\/p>\n\n\n\n<p class=\"wp-block-paragraph\">Gouvernement du Nouveau-Brunswick \u2013 Relations intergouvernementales et internationales. 2005. \u00ab D\u00e9voilement des r\u00e9cipiendaires de l\u2019Ordre du Nouveau-Brunswick. \u00bb&nbsp;<a href=\"https:\/\/www.gnb.ca\/cnb\/newsf\/iga\/2005f0954ig.htm\">https:\/\/www.gnb.ca\/cnb\/newsf\/iga\/2005f0954ig.htm<\/a><\/p>\n\n\n\n<p class=\"wp-block-paragraph\">Moore, Hannah. 2018. \u00ab New Brunswick\u2019s \u2018PR person for wildlife\u2019 receives national conservation award. \u00bb Conseil de conservation du Nouveau-Brunswick. <a href=\"https:\/\/www.conservationcouncil.ca\/en\/new-brunswicks-pr-person-for-wildlife-receives-national-conservation-award\/\">https:\/\/www.conservationcouncil.ca\/en\/new-brunswicks-pr-person-for-wildlife-receives-national-conservation-award\/<\/a> (SVP notez : l\u2019article est disponible en anglais seulement)<\/p>\n","protected":false},"excerpt":{"rendered":"<p>L&rsquo;ornithologue et naturaliste Jim Wilson reconnu avec l\u2019Ordre du Nouveau-Brunswick 1 NOVEMBRE 2019 \u2014&nbsp;C\u2019\u00e9tait un matin d\u2019\u00e9t\u00e9 modeste quand Jim Wilson a appris qu\u2019il \u00e9tait nomm\u00e9 \u00e0 l\u2019Ordre du Nouveau-Brunswick. [&hellip;]<\/p>\n","protected":false},"author":2,"featured_media":5137,"comment_status":"closed","ping_status":"open","sticky":false,"template":"","format":"standard","meta":{"_acf_changed":false,"_uag_custom_page_level_css":"","site-sidebar-layout":"default","site-content-layout":"","ast-site-content-layout":"default","site-content-style":"default","site-sidebar-style":"default","ast-global-header-display":"","ast-banner-title-visibility":"","ast-main-header-display":"","ast-hfb-above-header-display":"","ast-hfb-below-header-display":"","ast-hfb-mobile-header-display":"","site-post-title":"","ast-breadcrumbs-content":"","ast-featured-img":"","footer-sml-layout":"","ast-disable-related-posts":"","theme-transparent-header-meta":"","adv-header-id-meta":"","stick-header-meta":"","header-above-stick-meta":"","header-main-stick-meta":"","header-below-stick-meta":"","astra-migrate-meta-layouts":"default","ast-page-background-enabled":"default","ast-page-background-meta":{"desktop":{"background-color":"var(--ast-global-color-4)","background-image":"","background-repeat":"repeat","background-position":"center center","background-size":"auto","background-attachment":"scroll","background-type":"","background-media":"","overlay-type":"","overlay-color":"","overlay-opacity":"","overlay-gradient":""},"tablet":{"background-color":"","background-image":"","background-repeat":"repeat","background-position":"center center","background-size":"auto","background-attachment":"scroll","background-type":"","background-media":"","overlay-type":"","overlay-color":"","overlay-opacity":"","overlay-gradient":""},"mobile":{"background-color":"","background-image":"","background-repeat":"repeat","background-position":"center center","background-size":"auto","background-attachment":"scroll","background-type":"","background-media":"","overlay-type":"","overlay-color":"","overlay-opacity":"","overlay-gradient":""}},"ast-content-background-meta":{"desktop":{"background-color":"var(--ast-global-color-5)","background-image":"","background-repeat":"repeat","background-position":"center center","background-size":"auto","background-attachment":"scroll","background-type":"","background-media":"","overlay-type":"","overlay-color":"","overlay-opacity":"","overlay-gradient":""},"tablet":{"background-color":"var(--ast-global-color-5)","background-image":"","background-repeat":"repeat","background-position":"center center","background-size":"auto","background-attachment":"scroll","background-type":"","background-media":"","overlay-type":"","overlay-color":"","overlay-opacity":"","overlay-gradient":""},"mobile":{"background-color":"var(--ast-global-color-5)","background-image":"","background-repeat":"repeat","background-position":"center center","background-size":"auto","background-attachment":"scroll","background-type":"","background-media":"","overlay-type":"","overlay-color":"","overlay-opacity":"","overlay-gradient":""}},"footnotes":"","_members_access_role":[],"_members_access_error":""},"categories":[],"tags":[],"class_list":["post-5164","post","type-post","status-publish","format-standard","has-post-thumbnail","hentry"],"acf":[],"yoast_head":"<!-- This site is optimized with the Yoast SEO plugin v28.3 - https:\/\/yoast.com\/product\/yoast-seo-wordpress\/ -->\n<title>Ornithologue et naturaliste Jim Wilson reconnu avec l\u2019Ordre du Nouveau-Brunswick - Nature NB<\/title>\n<meta name=\"robots\" content=\"index, follow, max-snippet:-1, max-image-preview:large, max-video-preview:-1\" \/>\n<link rel=\"canonical\" href=\"https:\/\/www.naturenb.ca\/fr\/ornitho-et-naturaliste-jim-wilson-reconnu-avec-lordre-du-nouveau-brunswick\/\" \/>\n<meta property=\"og:locale\" content=\"fr_CA\" \/>\n<meta property=\"og:type\" content=\"article\" \/>\n<meta property=\"og:title\" content=\"Ornithologue et naturaliste Jim Wilson reconnu avec l\u2019Ordre du Nouveau-Brunswick - Nature NB\" \/>\n<meta property=\"og:description\" content=\"L&rsquo;ornithologue et naturaliste Jim Wilson reconnu avec l\u2019Ordre du Nouveau-Brunswick 1 NOVEMBRE 2019 \u2014&nbsp;C\u2019\u00e9tait un matin d\u2019\u00e9t\u00e9 modeste quand Jim Wilson a appris qu\u2019il \u00e9tait nomm\u00e9 \u00e0 l\u2019Ordre du Nouveau-Brunswick. [&hellip;]\" \/>\n<meta property=\"og:url\" content=\"https:\/\/www.naturenb.ca\/fr\/ornitho-et-naturaliste-jim-wilson-reconnu-avec-lordre-du-nouveau-brunswick\/\" \/>\n<meta property=\"og:site_name\" content=\"Nature NB\" \/>\n<meta property=\"article:published_time\" content=\"2019-11-01T17:39:16+00:00\" \/>\n<meta property=\"article:modified_time\" content=\"2026-06-11T15:03:54+00:00\" \/>\n<meta property=\"og:image\" content=\"https:\/\/www.naturenb.ca\/sites\/www.naturenb.ca\/wp-content\/uploads\/2019\/10\/J-Wilson-ONB-Investiture-Oct-30-19-1.jpg\" \/>\n\t<meta property=\"og:image:width\" content=\"2048\" \/>\n\t<meta property=\"og:image:height\" content=\"1060\" \/>\n\t<meta property=\"og:image:type\" content=\"image\/jpeg\" \/>\n<meta name=\"author\" content=\"SymbioTIC Admin\" \/>\n<meta name=\"twitter:card\" content=\"summary_large_image\" \/>\n<meta name=\"twitter:label1\" content=\"\u00c9crit par\" \/>\n\t<meta name=\"twitter:data1\" content=\"SymbioTIC Admin\" \/>\n\t<meta name=\"twitter:label2\" content=\"Estimation du temps de lecture\" \/>\n\t<meta name=\"twitter:data2\" content=\"8 minutes\" \/>\n<script type=\"application\/ld+json\" class=\"yoast-schema-graph\">{\"@context\":\"https:\\\/\\\/schema.org\",\"@graph\":[{\"@type\":\"Article\",\"@id\":\"https:\\\/\\\/www.naturenb.ca\\\/fr\\\/ornitho-et-naturaliste-jim-wilson-reconnu-avec-lordre-du-nouveau-brunswick\\\/#article\",\"isPartOf\":{\"@id\":\"https:\\\/\\\/www.naturenb.ca\\\/fr\\\/ornitho-et-naturaliste-jim-wilson-reconnu-avec-lordre-du-nouveau-brunswick\\\/\"},\"author\":{\"name\":\"SymbioTIC Admin\",\"@id\":\"https:\\\/\\\/www.naturenb.ca\\\/fr\\\/#\\\/schema\\\/person\\\/3bb9896f4ebf775d808b3206795cc387\"},\"headline\":\"Ornithologue et naturaliste Jim Wilson reconnu avec l\u2019Ordre du Nouveau-Brunswick\",\"datePublished\":\"2019-11-01T17:39:16+00:00\",\"dateModified\":\"2026-06-11T15:03:54+00:00\",\"mainEntityOfPage\":{\"@id\":\"https:\\\/\\\/www.naturenb.ca\\\/fr\\\/ornitho-et-naturaliste-jim-wilson-reconnu-avec-lordre-du-nouveau-brunswick\\\/\"},\"wordCount\":1802,\"publisher\":{\"@id\":\"https:\\\/\\\/www.naturenb.ca\\\/fr\\\/#organization\"},\"image\":{\"@id\":\"https:\\\/\\\/www.naturenb.ca\\\/fr\\\/ornitho-et-naturaliste-jim-wilson-reconnu-avec-lordre-du-nouveau-brunswick\\\/#primaryimage\"},\"thumbnailUrl\":\"https:\\\/\\\/www.naturenb.ca\\\/sites\\\/www.naturenb.ca\\\/wp-content\\\/uploads\\\/2019\\\/10\\\/J-Wilson-ONB-Investiture-Oct-30-19-1.jpg\",\"inLanguage\":\"fr-CA\"},{\"@type\":\"WebPage\",\"@id\":\"https:\\\/\\\/www.naturenb.ca\\\/fr\\\/ornitho-et-naturaliste-jim-wilson-reconnu-avec-lordre-du-nouveau-brunswick\\\/\",\"url\":\"https:\\\/\\\/www.naturenb.ca\\\/fr\\\/ornitho-et-naturaliste-jim-wilson-reconnu-avec-lordre-du-nouveau-brunswick\\\/\",\"name\":\"Ornithologue et naturaliste Jim Wilson reconnu avec l\u2019Ordre du Nouveau-Brunswick - Nature NB\",\"isPartOf\":{\"@id\":\"https:\\\/\\\/www.naturenb.ca\\\/fr\\\/#website\"},\"primaryImageOfPage\":{\"@id\":\"https:\\\/\\\/www.naturenb.ca\\\/fr\\\/ornitho-et-naturaliste-jim-wilson-reconnu-avec-lordre-du-nouveau-brunswick\\\/#primaryimage\"},\"image\":{\"@id\":\"https:\\\/\\\/www.naturenb.ca\\\/fr\\\/ornitho-et-naturaliste-jim-wilson-reconnu-avec-lordre-du-nouveau-brunswick\\\/#primaryimage\"},\"thumbnailUrl\":\"https:\\\/\\\/www.naturenb.ca\\\/sites\\\/www.naturenb.ca\\\/wp-content\\\/uploads\\\/2019\\\/10\\\/J-Wilson-ONB-Investiture-Oct-30-19-1.jpg\",\"datePublished\":\"2019-11-01T17:39:16+00:00\",\"dateModified\":\"2026-06-11T15:03:54+00:00\",\"breadcrumb\":{\"@id\":\"https:\\\/\\\/www.naturenb.ca\\\/fr\\\/ornitho-et-naturaliste-jim-wilson-reconnu-avec-lordre-du-nouveau-brunswick\\\/#breadcrumb\"},\"inLanguage\":\"fr-CA\",\"potentialAction\":[{\"@type\":\"ReadAction\",\"target\":[\"https:\\\/\\\/www.naturenb.ca\\\/fr\\\/ornitho-et-naturaliste-jim-wilson-reconnu-avec-lordre-du-nouveau-brunswick\\\/\"]}]},{\"@type\":\"ImageObject\",\"inLanguage\":\"fr-CA\",\"@id\":\"https:\\\/\\\/www.naturenb.ca\\\/fr\\\/ornitho-et-naturaliste-jim-wilson-reconnu-avec-lordre-du-nouveau-brunswick\\\/#primaryimage\",\"url\":\"https:\\\/\\\/www.naturenb.ca\\\/sites\\\/www.naturenb.ca\\\/wp-content\\\/uploads\\\/2019\\\/10\\\/J-Wilson-ONB-Investiture-Oct-30-19-1.jpg\",\"contentUrl\":\"https:\\\/\\\/www.naturenb.ca\\\/sites\\\/www.naturenb.ca\\\/wp-content\\\/uploads\\\/2019\\\/10\\\/J-Wilson-ONB-Investiture-Oct-30-19-1.jpg\",\"width\":2048,\"height\":1060,\"caption\":\"J Wilson ONB Investiture Oct 30 19 #1\"},{\"@type\":\"BreadcrumbList\",\"@id\":\"https:\\\/\\\/www.naturenb.ca\\\/fr\\\/ornitho-et-naturaliste-jim-wilson-reconnu-avec-lordre-du-nouveau-brunswick\\\/#breadcrumb\",\"itemListElement\":[{\"@type\":\"ListItem\",\"position\":1,\"name\":\"Home\",\"item\":\"https:\\\/\\\/www.naturenb.ca\\\/fr\\\/\"},{\"@type\":\"ListItem\",\"position\":2,\"name\":\"Ornithologue et naturaliste Jim Wilson reconnu avec l\u2019Ordre du Nouveau-Brunswick\"}]},{\"@type\":\"WebSite\",\"@id\":\"https:\\\/\\\/www.naturenb.ca\\\/fr\\\/#website\",\"url\":\"https:\\\/\\\/www.naturenb.ca\\\/fr\\\/\",\"name\":\"Nature NB\",\"description\":\"\",\"publisher\":{\"@id\":\"https:\\\/\\\/www.naturenb.ca\\\/fr\\\/#organization\"},\"potentialAction\":[{\"@type\":\"SearchAction\",\"target\":{\"@type\":\"EntryPoint\",\"urlTemplate\":\"https:\\\/\\\/www.naturenb.ca\\\/fr\\\/?s={search_term_string}\"},\"query-input\":{\"@type\":\"PropertyValueSpecification\",\"valueRequired\":true,\"valueName\":\"search_term_string\"}}],\"inLanguage\":\"fr-CA\"},{\"@type\":\"Organization\",\"@id\":\"https:\\\/\\\/www.naturenb.ca\\\/fr\\\/#organization\",\"name\":\"Nature NB\",\"url\":\"https:\\\/\\\/www.naturenb.ca\\\/fr\\\/\",\"logo\":{\"@type\":\"ImageObject\",\"inLanguage\":\"fr-CA\",\"@id\":\"https:\\\/\\\/www.naturenb.ca\\\/fr\\\/#\\\/schema\\\/logo\\\/image\\\/\",\"url\":\"https:\\\/\\\/www.naturenb.ca\\\/sites\\\/www.naturenb.ca\\\/wp-content\\\/uploads\\\/2023\\\/10\\\/NatureNB_Logo-1.png\",\"contentUrl\":\"https:\\\/\\\/www.naturenb.ca\\\/sites\\\/www.naturenb.ca\\\/wp-content\\\/uploads\\\/2023\\\/10\\\/NatureNB_Logo-1.png\",\"width\":\"1200\",\"height\":\"750\",\"caption\":\"Nature NB\"},\"image\":{\"@id\":\"https:\\\/\\\/www.naturenb.ca\\\/fr\\\/#\\\/schema\\\/logo\\\/image\\\/\"}},{\"@type\":\"Person\",\"@id\":\"https:\\\/\\\/www.naturenb.ca\\\/fr\\\/#\\\/schema\\\/person\\\/3bb9896f4ebf775d808b3206795cc387\",\"name\":\"SymbioTIC Admin\",\"image\":{\"@type\":\"ImageObject\",\"inLanguage\":\"fr-CA\",\"@id\":\"https:\\\/\\\/secure.gravatar.com\\\/avatar\\\/c814fab14c6f67203ba004949d615c276cacbd371139d6fec0a2564346ebb65e?s=96&r=g\",\"url\":\"https:\\\/\\\/secure.gravatar.com\\\/avatar\\\/c814fab14c6f67203ba004949d615c276cacbd371139d6fec0a2564346ebb65e?s=96&r=g\",\"contentUrl\":\"https:\\\/\\\/secure.gravatar.com\\\/avatar\\\/c814fab14c6f67203ba004949d615c276cacbd371139d6fec0a2564346ebb65e?s=96&r=g\",\"caption\":\"SymbioTIC Admin\"},\"url\":\"https:\\\/\\\/www.naturenb.ca\\\/fr\\\/author\\\/shane-symbiotic\\\/\"}]}<\/script>\n<!-- \/ Yoast SEO plugin. -->","yoast_head_json":{"title":"Ornithologue et naturaliste Jim Wilson reconnu avec l\u2019Ordre du Nouveau-Brunswick - Nature NB","robots":{"index":"index","follow":"follow","max-snippet":"max-snippet:-1","max-image-preview":"max-image-preview:large","max-video-preview":"max-video-preview:-1"},"canonical":"https:\/\/www.naturenb.ca\/fr\/ornitho-et-naturaliste-jim-wilson-reconnu-avec-lordre-du-nouveau-brunswick\/","og_locale":"fr_CA","og_type":"article","og_title":"Ornithologue et naturaliste Jim Wilson reconnu avec l\u2019Ordre du Nouveau-Brunswick - Nature NB","og_description":"L&rsquo;ornithologue et naturaliste Jim Wilson reconnu avec l\u2019Ordre du Nouveau-Brunswick 1 NOVEMBRE 2019 \u2014&nbsp;C\u2019\u00e9tait un matin d\u2019\u00e9t\u00e9 modeste quand Jim Wilson a appris qu\u2019il \u00e9tait nomm\u00e9 \u00e0 l\u2019Ordre du Nouveau-Brunswick. [&hellip;]","og_url":"https:\/\/www.naturenb.ca\/fr\/ornitho-et-naturaliste-jim-wilson-reconnu-avec-lordre-du-nouveau-brunswick\/","og_site_name":"Nature NB","article_published_time":"2019-11-01T17:39:16+00:00","article_modified_time":"2026-06-11T15:03:54+00:00","og_image":[{"width":2048,"height":1060,"url":"https:\/\/www.naturenb.ca\/sites\/www.naturenb.ca\/wp-content\/uploads\/2019\/10\/J-Wilson-ONB-Investiture-Oct-30-19-1.jpg","type":"image\/jpeg"}],"author":"SymbioTIC Admin","twitter_card":"summary_large_image","twitter_misc":{"\u00c9crit par":"SymbioTIC Admin","Estimation du temps de lecture":"8 minutes"},"schema":{"@context":"https:\/\/schema.org","@graph":[{"@type":"Article","@id":"https:\/\/www.naturenb.ca\/fr\/ornitho-et-naturaliste-jim-wilson-reconnu-avec-lordre-du-nouveau-brunswick\/#article","isPartOf":{"@id":"https:\/\/www.naturenb.ca\/fr\/ornitho-et-naturaliste-jim-wilson-reconnu-avec-lordre-du-nouveau-brunswick\/"},"author":{"name":"SymbioTIC Admin","@id":"https:\/\/www.naturenb.ca\/fr\/#\/schema\/person\/3bb9896f4ebf775d808b3206795cc387"},"headline":"Ornithologue et naturaliste Jim Wilson reconnu avec l\u2019Ordre du Nouveau-Brunswick","datePublished":"2019-11-01T17:39:16+00:00","dateModified":"2026-06-11T15:03:54+00:00","mainEntityOfPage":{"@id":"https:\/\/www.naturenb.ca\/fr\/ornitho-et-naturaliste-jim-wilson-reconnu-avec-lordre-du-nouveau-brunswick\/"},"wordCount":1802,"publisher":{"@id":"https:\/\/www.naturenb.ca\/fr\/#organization"},"image":{"@id":"https:\/\/www.naturenb.ca\/fr\/ornitho-et-naturaliste-jim-wilson-reconnu-avec-lordre-du-nouveau-brunswick\/#primaryimage"},"thumbnailUrl":"https:\/\/www.naturenb.ca\/sites\/www.naturenb.ca\/wp-content\/uploads\/2019\/10\/J-Wilson-ONB-Investiture-Oct-30-19-1.jpg","inLanguage":"fr-CA"},{"@type":"WebPage","@id":"https:\/\/www.naturenb.ca\/fr\/ornitho-et-naturaliste-jim-wilson-reconnu-avec-lordre-du-nouveau-brunswick\/","url":"https:\/\/www.naturenb.ca\/fr\/ornitho-et-naturaliste-jim-wilson-reconnu-avec-lordre-du-nouveau-brunswick\/","name":"Ornithologue et naturaliste Jim Wilson reconnu avec l\u2019Ordre du Nouveau-Brunswick - Nature NB","isPartOf":{"@id":"https:\/\/www.naturenb.ca\/fr\/#website"},"primaryImageOfPage":{"@id":"https:\/\/www.naturenb.ca\/fr\/ornitho-et-naturaliste-jim-wilson-reconnu-avec-lordre-du-nouveau-brunswick\/#primaryimage"},"image":{"@id":"https:\/\/www.naturenb.ca\/fr\/ornitho-et-naturaliste-jim-wilson-reconnu-avec-lordre-du-nouveau-brunswick\/#primaryimage"},"thumbnailUrl":"https:\/\/www.naturenb.ca\/sites\/www.naturenb.ca\/wp-content\/uploads\/2019\/10\/J-Wilson-ONB-Investiture-Oct-30-19-1.jpg","datePublished":"2019-11-01T17:39:16+00:00","dateModified":"2026-06-11T15:03:54+00:00","breadcrumb":{"@id":"https:\/\/www.naturenb.ca\/fr\/ornitho-et-naturaliste-jim-wilson-reconnu-avec-lordre-du-nouveau-brunswick\/#breadcrumb"},"inLanguage":"fr-CA","potentialAction":[{"@type":"ReadAction","target":["https:\/\/www.naturenb.ca\/fr\/ornitho-et-naturaliste-jim-wilson-reconnu-avec-lordre-du-nouveau-brunswick\/"]}]},{"@type":"ImageObject","inLanguage":"fr-CA","@id":"https:\/\/www.naturenb.ca\/fr\/ornitho-et-naturaliste-jim-wilson-reconnu-avec-lordre-du-nouveau-brunswick\/#primaryimage","url":"https:\/\/www.naturenb.ca\/sites\/www.naturenb.ca\/wp-content\/uploads\/2019\/10\/J-Wilson-ONB-Investiture-Oct-30-19-1.jpg","contentUrl":"https:\/\/www.naturenb.ca\/sites\/www.naturenb.ca\/wp-content\/uploads\/2019\/10\/J-Wilson-ONB-Investiture-Oct-30-19-1.jpg","width":2048,"height":1060,"caption":"J Wilson ONB Investiture Oct 30 19 #1"},{"@type":"BreadcrumbList","@id":"https:\/\/www.naturenb.ca\/fr\/ornitho-et-naturaliste-jim-wilson-reconnu-avec-lordre-du-nouveau-brunswick\/#breadcrumb","itemListElement":[{"@type":"ListItem","position":1,"name":"Home","item":"https:\/\/www.naturenb.ca\/fr\/"},{"@type":"ListItem","position":2,"name":"Ornithologue et naturaliste Jim Wilson reconnu avec l\u2019Ordre du Nouveau-Brunswick"}]},{"@type":"WebSite","@id":"https:\/\/www.naturenb.ca\/fr\/#website","url":"https:\/\/www.naturenb.ca\/fr\/","name":"Nature NB","description":"","publisher":{"@id":"https:\/\/www.naturenb.ca\/fr\/#organization"},"potentialAction":[{"@type":"SearchAction","target":{"@type":"EntryPoint","urlTemplate":"https:\/\/www.naturenb.ca\/fr\/?s={search_term_string}"},"query-input":{"@type":"PropertyValueSpecification","valueRequired":true,"valueName":"search_term_string"}}],"inLanguage":"fr-CA"},{"@type":"Organization","@id":"https:\/\/www.naturenb.ca\/fr\/#organization","name":"Nature NB","url":"https:\/\/www.naturenb.ca\/fr\/","logo":{"@type":"ImageObject","inLanguage":"fr-CA","@id":"https:\/\/www.naturenb.ca\/fr\/#\/schema\/logo\/image\/","url":"https:\/\/www.naturenb.ca\/sites\/www.naturenb.ca\/wp-content\/uploads\/2023\/10\/NatureNB_Logo-1.png","contentUrl":"https:\/\/www.naturenb.ca\/sites\/www.naturenb.ca\/wp-content\/uploads\/2023\/10\/NatureNB_Logo-1.png","width":"1200","height":"750","caption":"Nature NB"},"image":{"@id":"https:\/\/www.naturenb.ca\/fr\/#\/schema\/logo\/image\/"}},{"@type":"Person","@id":"https:\/\/www.naturenb.ca\/fr\/#\/schema\/person\/3bb9896f4ebf775d808b3206795cc387","name":"SymbioTIC Admin","image":{"@type":"ImageObject","inLanguage":"fr-CA","@id":"https:\/\/secure.gravatar.com\/avatar\/c814fab14c6f67203ba004949d615c276cacbd371139d6fec0a2564346ebb65e?s=96&r=g","url":"https:\/\/secure.gravatar.com\/avatar\/c814fab14c6f67203ba004949d615c276cacbd371139d6fec0a2564346ebb65e?s=96&r=g","contentUrl":"https:\/\/secure.gravatar.com\/avatar\/c814fab14c6f67203ba004949d615c276cacbd371139d6fec0a2564346ebb65e?s=96&r=g","caption":"SymbioTIC Admin"},"url":"https:\/\/www.naturenb.ca\/fr\/author\/shane-symbiotic\/"}]}},"uagb_featured_image_src":{"full":["https:\/\/www.naturenb.ca\/sites\/www.naturenb.ca\/wp-content\/uploads\/2019\/10\/J-Wilson-ONB-Investiture-Oct-30-19-1.jpg",2048,1060,false],"thumbnail":["https:\/\/www.naturenb.ca\/sites\/www.naturenb.ca\/wp-content\/uploads\/2019\/10\/J-Wilson-ONB-Investiture-Oct-30-19-1-150x150.jpg",150,150,true],"medium":["https:\/\/www.naturenb.ca\/sites\/www.naturenb.ca\/wp-content\/uploads\/2019\/10\/J-Wilson-ONB-Investiture-Oct-30-19-1-300x155.jpg",300,155,true],"medium_large":["https:\/\/www.naturenb.ca\/sites\/www.naturenb.ca\/wp-content\/uploads\/2019\/10\/J-Wilson-ONB-Investiture-Oct-30-19-1-768x397.jpg",768,397,true],"large":["https:\/\/www.naturenb.ca\/sites\/www.naturenb.ca\/wp-content\/uploads\/2019\/10\/J-Wilson-ONB-Investiture-Oct-30-19-1-1024x530.jpg",1024,530,true],"1536x1536":["https:\/\/www.naturenb.ca\/sites\/www.naturenb.ca\/wp-content\/uploads\/2019\/10\/J-Wilson-ONB-Investiture-Oct-30-19-1.jpg",1536,795,false],"2048x2048":["https:\/\/www.naturenb.ca\/sites\/www.naturenb.ca\/wp-content\/uploads\/2019\/10\/J-Wilson-ONB-Investiture-Oct-30-19-1.jpg",2048,1060,false]},"uagb_author_info":{"display_name":"SymbioTIC Admin","author_link":"https:\/\/www.naturenb.ca\/fr\/author\/shane-symbiotic\/"},"uagb_comment_info":0,"uagb_excerpt":"L&rsquo;ornithologue et naturaliste Jim Wilson reconnu avec l\u2019Ordre du Nouveau-Brunswick 1 NOVEMBRE 2019 \u2014&nbsp;C\u2019\u00e9tait un matin d\u2019\u00e9t\u00e9 modeste quand Jim Wilson a appris qu\u2019il \u00e9tait nomm\u00e9 \u00e0 l\u2019Ordre du Nouveau-Brunswick. [&hellip;]","_links":{"self":[{"href":"https:\/\/www.naturenb.ca\/fr\/wp-json\/wp\/v2\/posts\/5164","targetHints":{"allow":["GET"]}}],"collection":[{"href":"https:\/\/www.naturenb.ca\/fr\/wp-json\/wp\/v2\/posts"}],"about":[{"href":"https:\/\/www.naturenb.ca\/fr\/wp-json\/wp\/v2\/types\/post"}],"author":[{"embeddable":true,"href":"https:\/\/www.naturenb.ca\/fr\/wp-json\/wp\/v2\/users\/2"}],"replies":[{"embeddable":true,"href":"https:\/\/www.naturenb.ca\/fr\/wp-json\/wp\/v2\/comments?post=5164"}],"version-history":[{"count":2,"href":"https:\/\/www.naturenb.ca\/fr\/wp-json\/wp\/v2\/posts\/5164\/revisions"}],"predecessor-version":[{"id":22300,"href":"https:\/\/www.naturenb.ca\/fr\/wp-json\/wp\/v2\/posts\/5164\/revisions\/22300"}],"wp:featuredmedia":[{"embeddable":true,"href":"https:\/\/www.naturenb.ca\/fr\/wp-json\/wp\/v2\/media\/5137"}],"wp:attachment":[{"href":"https:\/\/www.naturenb.ca\/fr\/wp-json\/wp\/v2\/media?parent=5164"}],"wp:term":[{"taxonomy":"category","embeddable":true,"href":"https:\/\/www.naturenb.ca\/fr\/wp-json\/wp\/v2\/categories?post=5164"},{"taxonomy":"post_tag","embeddable":true,"href":"https:\/\/www.naturenb.ca\/fr\/wp-json\/wp\/v2\/tags?post=5164"}],"curies":[{"name":"wp","href":"https:\/\/api.w.org\/{rel}","templated":true}]}}