{"id":21612,"date":"2026-01-15T10:59:09","date_gmt":"2026-01-15T14:59:09","guid":{"rendered":"https:\/\/www.naturenb.ca\/?p=21612"},"modified":"2026-02-16T12:03:19","modified_gmt":"2026-02-16T16:03:19","slug":"iris-versicolor-fleur-benefique","status":"publish","type":"post","link":"https:\/\/www.naturenb.ca\/fr\/iris-versicolor-fleur-benefique\/","title":{"rendered":"L\u2019iris versicolore, fleur b\u00e9n\u00e9fique"},"content":{"rendered":"<h2 class=\"wp-block-post-title\">L\u2019iris versicolore, fleur b\u00e9n\u00e9fique<\/h2>\n\n\n<p class=\"wp-block-paragraph\"><\/p>\n\n\n\n<p class=\"wp-block-paragraph\"><em><strong>Ce blogue invit\u00e9 fait partie d\u2019une s\u00e9rie d\u2019articles r\u00e9dig\u00e9s par des \u00e9tudiants de l\u2019Universit\u00e9 Mount Allison, dans le cadre d\u2019un partenariat entre Nature NB et le cours\u00a0<a href=\"https:\/\/www.naturenb.ca\/fr\/un-jardin-pour-les-pollinisateurs-et-un-partenariat-fructueux-avec-luniversite-mount-allison\/?lang=fr\">\u00ab Applied Native Plants and Pollinator Conservation \u00bb (Plantes indig\u00e8nes appliqu\u00e9es et conservation des pollinisateurs)<\/a>. Merci \u00e0 la Dr. Emily Austen et aux \u00e9tudiants pour cette collaboration continue!<\/strong><\/em><\/p>\n\n\n\n<p class=\"wp-block-paragraph\"><em><em>Par Reaghan Melanson<\/em><\/em><\/p>\n\n\n\n<figure class=\"wp-block-image size-large\"><img loading=\"lazy\" decoding=\"async\" width=\"1024\" height=\"1024\" src=\"https:\/\/www.naturenb.ca\/sites\/www.naturenb.ca\/wp-content\/uploads\/2026\/01\/20220611_145846-1024x1024.jpg\" alt=\"\" class=\"wp-image-21572\" style=\"aspect-ratio:16\/9;object-fit:cover\" srcset=\"https:\/\/www.naturenb.ca\/sites\/www.naturenb.ca\/wp-content\/uploads\/2026\/01\/20220611_145846-1024x1024.jpg 1024w, https:\/\/www.naturenb.ca\/sites\/www.naturenb.ca\/wp-content\/uploads\/2026\/01\/20220611_145846-300x300.jpg 300w, https:\/\/www.naturenb.ca\/sites\/www.naturenb.ca\/wp-content\/uploads\/2026\/01\/20220611_145846-150x150.jpg 150w, https:\/\/www.naturenb.ca\/sites\/www.naturenb.ca\/wp-content\/uploads\/2026\/01\/20220611_145846-768x768.jpg 768w, https:\/\/www.naturenb.ca\/sites\/www.naturenb.ca\/wp-content\/uploads\/2026\/01\/20220611_145846-1536x1536.jpg 1536w, https:\/\/www.naturenb.ca\/sites\/www.naturenb.ca\/wp-content\/uploads\/2026\/01\/20220611_145846-scaled.jpg 2048w\" sizes=\"auto, (max-width: 1024px) 100vw, 1024px\" \/><\/figure>\n\n\n\n<div class=\"wp-block-columns is-layout-flex wp-container-core-columns-is-layout-7387b849 wp-block-columns-is-layout-flex\">\n<div class=\"wp-block-column is-layout-flow wp-block-column-is-layout-flow\" style=\"flex-basis:100%\">\n<p class=\"wp-block-paragraph\">L\u2019<em>Iris versicolor<\/em>, commun\u00e9ment appel\u00e9 l\u2019iris versicolore, est une plante indig\u00e8ne que l\u2019on trouve au Nouveau-Brunswick et dans d\u2019autres provinces, de Manitoba jusqu\u2019\u00e0 l\u2019est du Canada. Autrefois, les peuples autochtones r\u00e9coltaient les racines s\u00e9ch\u00e9es de l\u2019iris versicolore de la fin de l\u2019\u00e9t\u00e9 au d\u00e9but de l\u2019automne. Ils utilisaient ces racines comme d\u00e9toxifiants pour le foie et les reins, ainsi que pour traiter des affections cutan\u00e9es et soulager la douleur (Smith, 1933). Les racines de l\u2019iris sont toxiques si elles ne sont pas pr\u00e9par\u00e9es correctement. Certaines tribus utilisaient aussi les racines pour tresser des paniers et des nattes.<\/p>\n<\/div>\n<\/div>\n\n\n\n<div class=\"wp-block-columns is-layout-flex wp-container-core-columns-is-layout-7387b849 wp-block-columns-is-layout-flex\">\n<div class=\"wp-block-column is-layout-flow wp-block-column-is-layout-flow\" style=\"flex-basis:50%\">\n<p class=\"wp-block-paragraph\">Cette magnifique fleur bleue pousse dans des zones humides comme les bois, les prairies et le long des berges des lacs, rivi\u00e8res et \u00e9tangs (CWF). Ses couleurs vives aident \u00e0 attirer les pollinisateurs, dans ce cas le principal pollinisateur de cette esp\u00e8ce appartient \u00e0 l\u2019ordre des Hym\u00e9nopt\u00e8res, qui comprend les gu\u00eapes, les fourmis, les tenthr\u00e8des et, surtout, les abeilles (Pellegrino, 2015). La relation entre l\u2019iris versicolore et les abeilles est mutualiste : l\u2019abeille r\u00e9colte le nectar de la fleur tout en transportant son pollen vers d\u2019autres fleurs. Ce type de relation est b\u00e9n\u00e9fique pour les deux parties, chaque esp\u00e8ce ayant acc\u00e8s \u00e0 des ressources essentielles pour sa survie et sa reproduction, m\u00eame si peu de choses sont connues sur le succ\u00e8s reproducteur de l\u2019iris versicolore (Pellegrino, 2015).<\/p>\n<\/div>\n\n\n\n<div class=\"wp-block-column is-layout-flow wp-block-column-is-layout-flow\" style=\"flex-basis:50%\">\n<figure class=\"wp-block-image size-large is-resized\"><img loading=\"lazy\" decoding=\"async\" width=\"1024\" height=\"1024\" src=\"https:\/\/www.naturenb.ca\/sites\/www.naturenb.ca\/wp-content\/uploads\/2026\/01\/20220611_155022-1-1024x1024.jpg\" alt=\"\" class=\"wp-image-21576\" style=\"width:317px;height:auto\" srcset=\"https:\/\/www.naturenb.ca\/sites\/www.naturenb.ca\/wp-content\/uploads\/2026\/01\/20220611_155022-1-1024x1024.jpg 1024w, https:\/\/www.naturenb.ca\/sites\/www.naturenb.ca\/wp-content\/uploads\/2026\/01\/20220611_155022-1-300x300.jpg 300w, https:\/\/www.naturenb.ca\/sites\/www.naturenb.ca\/wp-content\/uploads\/2026\/01\/20220611_155022-1-150x150.jpg 150w, https:\/\/www.naturenb.ca\/sites\/www.naturenb.ca\/wp-content\/uploads\/2026\/01\/20220611_155022-1-768x768.jpg 768w, https:\/\/www.naturenb.ca\/sites\/www.naturenb.ca\/wp-content\/uploads\/2026\/01\/20220611_155022-1-1536x1536.jpg 1536w, https:\/\/www.naturenb.ca\/sites\/www.naturenb.ca\/wp-content\/uploads\/2026\/01\/20220611_155022-1-scaled.jpg 2048w\" sizes=\"auto, (max-width: 1024px) 100vw, 1024px\" \/><\/figure>\n<\/div>\n<\/div>\n\n\n\n<div class=\"wp-block-columns is-layout-flex wp-container-core-columns-is-layout-7387b849 wp-block-columns-is-layout-flex\">\n<div class=\"wp-block-column is-layout-flow wp-block-column-is-layout-flow\" style=\"flex-basis:100%\">\n<p class=\"wp-block-paragraph\">L\u2019iris versicolore fleurit g\u00e9n\u00e9ralement entre mai et juin. Il pr\u00e9sente de longues feuilles semblables \u00e0 de l\u2019herbe et peut atteindre jusqu\u2019\u00e0 90 cm de hauteur. Apr\u00e8s la floraison, il produit des capsules de graines qui deviennent brun verd\u00e2tre \u00e0 maturit\u00e9. Ces capsules finissent par s\u2019ouvrir, lib\u00e9rant les graines. En plus de la dispersion par graines, la plante peut \u00e9galement se reproduire de mani\u00e8re asexu\u00e9e en se propageant par ses rhizomes souterrains (Chesapeake).<\/p>\n<\/div>\n<\/div>\n\n\n\n<div class=\"wp-block-columns is-layout-flex wp-container-core-columns-is-layout-7387b849 wp-block-columns-is-layout-flex\">\n<div class=\"wp-block-column is-layout-flow wp-block-column-is-layout-flow\" style=\"flex-basis:100%\">\n<p class=\"wp-block-paragraph\">Au Nouveau-Brunswick, l\u2019iris versicolore a un statut de conservation G5, ce qui signifie qu\u2019il est consid\u00e9r\u00e9 comme s\u00fbr (NatureServe). Mais \u00eatre s\u00fbr aujourd\u2019hui ne garantit pas qu\u2019il le restera \u00e0 l\u2019avenir. En raison de son go\u00fbt sucr\u00e9, des insectes comme les larves de noctuelles et les sauterelles aiment consommer les p\u00e9tales des iris versicolores enti\u00e8rement fleuris (Needham, 1900). Dans d\u2019autres esp\u00e8ces, cela peut affecter la reproduction des fleurs en modifiant leur apparence pour les pollinisateurs ou en d\u00e9truisant les organes reproducteurs de la plante (Krupnick &amp; Weis, 1999). Bien que cela ne pose pas un probl\u00e8me majeur, la destruction des habitats peut l\u2019\u00eatre. De nombreuses zones bois\u00e9es ou mar\u00e9cageuses, habitats pr\u00e9f\u00e9r\u00e9s de l\u2019iris, sont d\u00e9truites pour les besoins humains, surtout avec la croissance rapide de la population du Nouveau-Brunswick. C\u2019est certainement un aspect \u00e0 consid\u00e9rer pour la pr\u00e9servation des populations futures.<\/p>\n<\/div>\n<\/div>\n\n\n\n<p class=\"wp-block-paragraph\"><em>R\u00e9f\u00e9rences<\/em><\/p>\n\n\n\n<p class=\"wp-block-paragraph\">Chesapeakebay. N.d. <a href=\"https:\/\/www.chesapeakebay.net\/discover\/field-guide\/entry\/blue-flag\">https:\/\/www.chesapeakebay.net\/discover\/field-guide\/entry\/blue-flag&nbsp;<\/a><\/p>\n\n\n\n<p class=\"wp-block-paragraph\">Krupnick, Gary &amp; Weis, Art. (1999). The Effect of Floral Herbivory on Male and Female Reproductive Success in Isomeris arborea. Ecology. 80. 135-149.&nbsp;<\/p>\n\n\n\n<p class=\"wp-block-paragraph\">Nature Serve. N.d. <a href=\"https:\/\/explorer.natureserve.org\/Taxon\/ELEMENT_GLOBAL.2.132305\/Iris_versicolor\" target=\"_blank\" rel=\"noreferrer noopener\">https:\/\/explorer.natureserve.org\/Taxon\/ELEMENT_GLOBAL.2.132305\/Iris_versicolor<\/a>&nbsp;<\/p>\n\n\n\n<p class=\"wp-block-paragraph\">Needham, J. G. (1900). The Fruiting of the Blue Flag (Iris Versicolor L.). <em>The American<\/em> <em>Naturalist<\/em>, <em>34<\/em>(401), 361\u2013386.&nbsp;<\/p>\n\n\n\n<p class=\"wp-block-paragraph\">Pellegrino G. 2015. Pollinator limitation on reproductive success in Iris tuberosa. AoB PLANTS.&nbsp;<\/p>\n\n\n\n<p class=\"wp-block-paragraph\">Smith, H. H. 1933. Ethnobotany of the Forest Potawatomi Indians. Bulletin of the Public Museum of the City of Milwaukee. 7: 1-230&nbsp;<\/p>\n","protected":false},"excerpt":{"rendered":"<p>Ce blogue invit\u00e9 fait partie d\u2019une s\u00e9rie d\u2019articles r\u00e9dig\u00e9s par des \u00e9tudiants de l\u2019Universit\u00e9 Mount Allison, dans le cadre d\u2019un partenariat entre Nature NB et le cours\u00a0\u00ab Applied Native Plants [&hellip;]<\/p>\n","protected":false},"author":2,"featured_media":21573,"comment_status":"closed","ping_status":"open","sticky":false,"template":"","format":"standard","meta":{"_acf_changed":false,"_uag_custom_page_level_css":"","site-sidebar-layout":"default","site-content-layout":"","ast-site-content-layout":"default","site-content-style":"default","site-sidebar-style":"default","ast-global-header-display":"","ast-banner-title-visibility":"","ast-main-header-display":"","ast-hfb-above-header-display":"","ast-hfb-below-header-display":"","ast-hfb-mobile-header-display":"","site-post-title":"","ast-breadcrumbs-content":"","ast-featured-img":"","footer-sml-layout":"","ast-disable-related-posts":"","theme-transparent-header-meta":"","adv-header-id-meta":"","stick-header-meta":"","header-above-stick-meta":"","header-main-stick-meta":"","header-below-stick-meta":"","astra-migrate-meta-layouts":"default","ast-page-background-enabled":"default","ast-page-background-meta":{"desktop":{"background-color":"var(--ast-global-color-4)","background-image":"","background-repeat":"repeat","background-position":"center center","background-size":"auto","background-attachment":"scroll","background-type":"","background-media":"","overlay-type":"","overlay-color":"","overlay-opacity":"","overlay-gradient":""},"tablet":{"background-color":"","background-image":"","background-repeat":"repeat","background-position":"center center","background-size":"auto","background-attachment":"scroll","background-type":"","background-media":"","overlay-type":"","overlay-color":"","overlay-opacity":"","overlay-gradient":""},"mobile":{"background-color":"","background-image":"","background-repeat":"repeat","background-position":"center center","background-size":"auto","background-attachment":"scroll","background-type":"","background-media":"","overlay-type":"","overlay-color":"","overlay-opacity":"","overlay-gradient":""}},"ast-content-background-meta":{"desktop":{"background-color":"var(--ast-global-color-5)","background-image":"","background-repeat":"repeat","background-position":"center center","background-size":"auto","background-attachment":"scroll","background-type":"","background-media":"","overlay-type":"","overlay-color":"","overlay-opacity":"","overlay-gradient":""},"tablet":{"background-color":"var(--ast-global-color-5)","background-image":"","background-repeat":"repeat","background-position":"center center","background-size":"auto","background-attachment":"scroll","background-type":"","background-media":"","overlay-type":"","overlay-color":"","overlay-opacity":"","overlay-gradient":""},"mobile":{"background-color":"var(--ast-global-color-5)","background-image":"","background-repeat":"repeat","background-position":"center center","background-size":"auto","background-attachment":"scroll","background-type":"","background-media":"","overlay-type":"","overlay-color":"","overlay-opacity":"","overlay-gradient":""}},"footnotes":"","_members_access_role":[],"_members_access_error":""},"categories":[814],"tags":[723,242,696,773],"class_list":["post-21612","post","type-post","status-publish","format-standard","has-post-thumbnail","hentry","category-article-invite","tag-club-gardiens-des-semences","tag-nature-nb-fr","tag-plantes-indigenes","tag-pollinisateurs"],"acf":[],"yoast_head":"<!-- This site is optimized with the Yoast SEO plugin v28.4 - https:\/\/yoast.com\/product\/yoast-seo-wordpress\/ -->\n<title>L\u2019iris versicolore, fleur b\u00e9n\u00e9fique - Nature NB<\/title>\n<meta name=\"robots\" content=\"index, follow, max-snippet:-1, max-image-preview:large, max-video-preview:-1\" \/>\n<link rel=\"canonical\" href=\"https:\/\/www.naturenb.ca\/fr\/iris-versicolor-fleur-benefique\/\" \/>\n<meta property=\"og:locale\" content=\"fr_CA\" \/>\n<meta property=\"og:type\" content=\"article\" \/>\n<meta property=\"og:title\" content=\"L\u2019iris versicolore, fleur b\u00e9n\u00e9fique - Nature NB\" \/>\n<meta property=\"og:description\" content=\"Ce blogue invit\u00e9 fait partie d\u2019une s\u00e9rie d\u2019articles r\u00e9dig\u00e9s par des \u00e9tudiants de l\u2019Universit\u00e9 Mount Allison, dans le cadre d\u2019un partenariat entre Nature NB et le cours\u00a0\u00ab Applied Native Plants [&hellip;]\" \/>\n<meta property=\"og:url\" content=\"https:\/\/www.naturenb.ca\/fr\/iris-versicolor-fleur-benefique\/\" \/>\n<meta property=\"og:site_name\" content=\"Nature NB\" \/>\n<meta property=\"article:published_time\" content=\"2026-01-15T14:59:09+00:00\" \/>\n<meta property=\"article:modified_time\" content=\"2026-02-16T16:03:19+00:00\" \/>\n<meta property=\"og:image\" content=\"https:\/\/www.naturenb.ca\/sites\/www.naturenb.ca\/wp-content\/uploads\/2026\/01\/20220611_145846-scaled.jpg\" \/>\n\t<meta property=\"og:image:width\" content=\"2560\" \/>\n\t<meta property=\"og:image:height\" content=\"2560\" \/>\n\t<meta property=\"og:image:type\" content=\"image\/jpeg\" \/>\n<meta name=\"author\" content=\"SymbioTIC Admin\" \/>\n<meta name=\"twitter:card\" content=\"summary_large_image\" \/>\n<meta name=\"twitter:label1\" content=\"\u00c9crit par\" \/>\n\t<meta name=\"twitter:data1\" content=\"SymbioTIC Admin\" \/>\n\t<meta name=\"twitter:label2\" content=\"Estimation du temps de lecture\" \/>\n\t<meta name=\"twitter:data2\" content=\"4 minutes\" \/>\n<script type=\"application\/ld+json\" class=\"yoast-schema-graph\">{\"@context\":\"https:\\\/\\\/schema.org\",\"@graph\":[{\"@type\":\"Article\",\"@id\":\"https:\\\/\\\/www.naturenb.ca\\\/fr\\\/iris-versicolor-fleur-benefique\\\/#article\",\"isPartOf\":{\"@id\":\"https:\\\/\\\/www.naturenb.ca\\\/fr\\\/iris-versicolor-fleur-benefique\\\/\"},\"author\":{\"name\":\"SymbioTIC Admin\",\"@id\":\"https:\\\/\\\/www.naturenb.ca\\\/fr\\\/#\\\/schema\\\/person\\\/3bb9896f4ebf775d808b3206795cc387\"},\"headline\":\"L\u2019iris versicolore, fleur b\u00e9n\u00e9fique\",\"datePublished\":\"2026-01-15T14:59:09+00:00\",\"dateModified\":\"2026-02-16T16:03:19+00:00\",\"mainEntityOfPage\":{\"@id\":\"https:\\\/\\\/www.naturenb.ca\\\/fr\\\/iris-versicolor-fleur-benefique\\\/\"},\"wordCount\":668,\"publisher\":{\"@id\":\"https:\\\/\\\/www.naturenb.ca\\\/fr\\\/#organization\"},\"image\":{\"@id\":\"https:\\\/\\\/www.naturenb.ca\\\/fr\\\/iris-versicolor-fleur-benefique\\\/#primaryimage\"},\"thumbnailUrl\":\"https:\\\/\\\/www.naturenb.ca\\\/sites\\\/www.naturenb.ca\\\/wp-content\\\/uploads\\\/2026\\\/01\\\/20220611_145846-scaled.jpg\",\"keywords\":[\"club gardiens des semences\",\"nature nb\",\"plantes indig\u00e8nes\",\"pollinisateurs\"],\"articleSection\":[\"Article invit\u00e9\"],\"inLanguage\":\"fr-CA\"},{\"@type\":\"WebPage\",\"@id\":\"https:\\\/\\\/www.naturenb.ca\\\/fr\\\/iris-versicolor-fleur-benefique\\\/\",\"url\":\"https:\\\/\\\/www.naturenb.ca\\\/fr\\\/iris-versicolor-fleur-benefique\\\/\",\"name\":\"L\u2019iris versicolore, fleur b\u00e9n\u00e9fique - Nature NB\",\"isPartOf\":{\"@id\":\"https:\\\/\\\/www.naturenb.ca\\\/fr\\\/#website\"},\"primaryImageOfPage\":{\"@id\":\"https:\\\/\\\/www.naturenb.ca\\\/fr\\\/iris-versicolor-fleur-benefique\\\/#primaryimage\"},\"image\":{\"@id\":\"https:\\\/\\\/www.naturenb.ca\\\/fr\\\/iris-versicolor-fleur-benefique\\\/#primaryimage\"},\"thumbnailUrl\":\"https:\\\/\\\/www.naturenb.ca\\\/sites\\\/www.naturenb.ca\\\/wp-content\\\/uploads\\\/2026\\\/01\\\/20220611_145846-scaled.jpg\",\"datePublished\":\"2026-01-15T14:59:09+00:00\",\"dateModified\":\"2026-02-16T16:03:19+00:00\",\"breadcrumb\":{\"@id\":\"https:\\\/\\\/www.naturenb.ca\\\/fr\\\/iris-versicolor-fleur-benefique\\\/#breadcrumb\"},\"inLanguage\":\"fr-CA\",\"potentialAction\":[{\"@type\":\"ReadAction\",\"target\":[\"https:\\\/\\\/www.naturenb.ca\\\/fr\\\/iris-versicolor-fleur-benefique\\\/\"]}]},{\"@type\":\"ImageObject\",\"inLanguage\":\"fr-CA\",\"@id\":\"https:\\\/\\\/www.naturenb.ca\\\/fr\\\/iris-versicolor-fleur-benefique\\\/#primaryimage\",\"url\":\"https:\\\/\\\/www.naturenb.ca\\\/sites\\\/www.naturenb.ca\\\/wp-content\\\/uploads\\\/2026\\\/01\\\/20220611_145846-scaled.jpg\",\"contentUrl\":\"https:\\\/\\\/www.naturenb.ca\\\/sites\\\/www.naturenb.ca\\\/wp-content\\\/uploads\\\/2026\\\/01\\\/20220611_145846-scaled.jpg\",\"width\":2560,\"height\":2560},{\"@type\":\"BreadcrumbList\",\"@id\":\"https:\\\/\\\/www.naturenb.ca\\\/fr\\\/iris-versicolor-fleur-benefique\\\/#breadcrumb\",\"itemListElement\":[{\"@type\":\"ListItem\",\"position\":1,\"name\":\"Home\",\"item\":\"https:\\\/\\\/www.naturenb.ca\\\/fr\\\/\"},{\"@type\":\"ListItem\",\"position\":2,\"name\":\"L\u2019iris versicolore, fleur b\u00e9n\u00e9fique\"}]},{\"@type\":\"WebSite\",\"@id\":\"https:\\\/\\\/www.naturenb.ca\\\/fr\\\/#website\",\"url\":\"https:\\\/\\\/www.naturenb.ca\\\/fr\\\/\",\"name\":\"Nature NB\",\"description\":\"\",\"publisher\":{\"@id\":\"https:\\\/\\\/www.naturenb.ca\\\/fr\\\/#organization\"},\"potentialAction\":[{\"@type\":\"SearchAction\",\"target\":{\"@type\":\"EntryPoint\",\"urlTemplate\":\"https:\\\/\\\/www.naturenb.ca\\\/fr\\\/?s={search_term_string}\"},\"query-input\":{\"@type\":\"PropertyValueSpecification\",\"valueRequired\":true,\"valueName\":\"search_term_string\"}}],\"inLanguage\":\"fr-CA\"},{\"@type\":\"Organization\",\"@id\":\"https:\\\/\\\/www.naturenb.ca\\\/fr\\\/#organization\",\"name\":\"Nature NB\",\"url\":\"https:\\\/\\\/www.naturenb.ca\\\/fr\\\/\",\"logo\":{\"@type\":\"ImageObject\",\"inLanguage\":\"fr-CA\",\"@id\":\"https:\\\/\\\/www.naturenb.ca\\\/fr\\\/#\\\/schema\\\/logo\\\/image\\\/\",\"url\":\"https:\\\/\\\/www.naturenb.ca\\\/sites\\\/www.naturenb.ca\\\/wp-content\\\/uploads\\\/2023\\\/10\\\/NatureNB_Logo-1.png\",\"contentUrl\":\"https:\\\/\\\/www.naturenb.ca\\\/sites\\\/www.naturenb.ca\\\/wp-content\\\/uploads\\\/2023\\\/10\\\/NatureNB_Logo-1.png\",\"width\":\"1200\",\"height\":\"750\",\"caption\":\"Nature NB\"},\"image\":{\"@id\":\"https:\\\/\\\/www.naturenb.ca\\\/fr\\\/#\\\/schema\\\/logo\\\/image\\\/\"}},{\"@type\":\"Person\",\"@id\":\"https:\\\/\\\/www.naturenb.ca\\\/fr\\\/#\\\/schema\\\/person\\\/3bb9896f4ebf775d808b3206795cc387\",\"name\":\"SymbioTIC Admin\",\"image\":{\"@type\":\"ImageObject\",\"inLanguage\":\"fr-CA\",\"@id\":\"https:\\\/\\\/secure.gravatar.com\\\/avatar\\\/c814fab14c6f67203ba004949d615c276cacbd371139d6fec0a2564346ebb65e?s=96&r=g\",\"url\":\"https:\\\/\\\/secure.gravatar.com\\\/avatar\\\/c814fab14c6f67203ba004949d615c276cacbd371139d6fec0a2564346ebb65e?s=96&r=g\",\"contentUrl\":\"https:\\\/\\\/secure.gravatar.com\\\/avatar\\\/c814fab14c6f67203ba004949d615c276cacbd371139d6fec0a2564346ebb65e?s=96&r=g\",\"caption\":\"SymbioTIC Admin\"},\"url\":\"https:\\\/\\\/www.naturenb.ca\\\/fr\\\/author\\\/shane-symbiotic\\\/\"}]}<\/script>\n<!-- \/ Yoast SEO plugin. -->","yoast_head_json":{"title":"L\u2019iris versicolore, fleur b\u00e9n\u00e9fique - Nature NB","robots":{"index":"index","follow":"follow","max-snippet":"max-snippet:-1","max-image-preview":"max-image-preview:large","max-video-preview":"max-video-preview:-1"},"canonical":"https:\/\/www.naturenb.ca\/fr\/iris-versicolor-fleur-benefique\/","og_locale":"fr_CA","og_type":"article","og_title":"L\u2019iris versicolore, fleur b\u00e9n\u00e9fique - Nature NB","og_description":"Ce blogue invit\u00e9 fait partie d\u2019une s\u00e9rie d\u2019articles r\u00e9dig\u00e9s par des \u00e9tudiants de l\u2019Universit\u00e9 Mount Allison, dans le cadre d\u2019un partenariat entre Nature NB et le cours\u00a0\u00ab Applied Native Plants [&hellip;]","og_url":"https:\/\/www.naturenb.ca\/fr\/iris-versicolor-fleur-benefique\/","og_site_name":"Nature NB","article_published_time":"2026-01-15T14:59:09+00:00","article_modified_time":"2026-02-16T16:03:19+00:00","og_image":[{"width":2560,"height":2560,"url":"https:\/\/www.naturenb.ca\/sites\/www.naturenb.ca\/wp-content\/uploads\/2026\/01\/20220611_145846-scaled.jpg","type":"image\/jpeg"}],"author":"SymbioTIC Admin","twitter_card":"summary_large_image","twitter_misc":{"\u00c9crit par":"SymbioTIC Admin","Estimation du temps de lecture":"4 minutes"},"schema":{"@context":"https:\/\/schema.org","@graph":[{"@type":"Article","@id":"https:\/\/www.naturenb.ca\/fr\/iris-versicolor-fleur-benefique\/#article","isPartOf":{"@id":"https:\/\/www.naturenb.ca\/fr\/iris-versicolor-fleur-benefique\/"},"author":{"name":"SymbioTIC Admin","@id":"https:\/\/www.naturenb.ca\/fr\/#\/schema\/person\/3bb9896f4ebf775d808b3206795cc387"},"headline":"L\u2019iris versicolore, fleur b\u00e9n\u00e9fique","datePublished":"2026-01-15T14:59:09+00:00","dateModified":"2026-02-16T16:03:19+00:00","mainEntityOfPage":{"@id":"https:\/\/www.naturenb.ca\/fr\/iris-versicolor-fleur-benefique\/"},"wordCount":668,"publisher":{"@id":"https:\/\/www.naturenb.ca\/fr\/#organization"},"image":{"@id":"https:\/\/www.naturenb.ca\/fr\/iris-versicolor-fleur-benefique\/#primaryimage"},"thumbnailUrl":"https:\/\/www.naturenb.ca\/sites\/www.naturenb.ca\/wp-content\/uploads\/2026\/01\/20220611_145846-scaled.jpg","keywords":["club gardiens des semences","nature nb","plantes indig\u00e8nes","pollinisateurs"],"articleSection":["Article invit\u00e9"],"inLanguage":"fr-CA"},{"@type":"WebPage","@id":"https:\/\/www.naturenb.ca\/fr\/iris-versicolor-fleur-benefique\/","url":"https:\/\/www.naturenb.ca\/fr\/iris-versicolor-fleur-benefique\/","name":"L\u2019iris versicolore, fleur b\u00e9n\u00e9fique - Nature NB","isPartOf":{"@id":"https:\/\/www.naturenb.ca\/fr\/#website"},"primaryImageOfPage":{"@id":"https:\/\/www.naturenb.ca\/fr\/iris-versicolor-fleur-benefique\/#primaryimage"},"image":{"@id":"https:\/\/www.naturenb.ca\/fr\/iris-versicolor-fleur-benefique\/#primaryimage"},"thumbnailUrl":"https:\/\/www.naturenb.ca\/sites\/www.naturenb.ca\/wp-content\/uploads\/2026\/01\/20220611_145846-scaled.jpg","datePublished":"2026-01-15T14:59:09+00:00","dateModified":"2026-02-16T16:03:19+00:00","breadcrumb":{"@id":"https:\/\/www.naturenb.ca\/fr\/iris-versicolor-fleur-benefique\/#breadcrumb"},"inLanguage":"fr-CA","potentialAction":[{"@type":"ReadAction","target":["https:\/\/www.naturenb.ca\/fr\/iris-versicolor-fleur-benefique\/"]}]},{"@type":"ImageObject","inLanguage":"fr-CA","@id":"https:\/\/www.naturenb.ca\/fr\/iris-versicolor-fleur-benefique\/#primaryimage","url":"https:\/\/www.naturenb.ca\/sites\/www.naturenb.ca\/wp-content\/uploads\/2026\/01\/20220611_145846-scaled.jpg","contentUrl":"https:\/\/www.naturenb.ca\/sites\/www.naturenb.ca\/wp-content\/uploads\/2026\/01\/20220611_145846-scaled.jpg","width":2560,"height":2560},{"@type":"BreadcrumbList","@id":"https:\/\/www.naturenb.ca\/fr\/iris-versicolor-fleur-benefique\/#breadcrumb","itemListElement":[{"@type":"ListItem","position":1,"name":"Home","item":"https:\/\/www.naturenb.ca\/fr\/"},{"@type":"ListItem","position":2,"name":"L\u2019iris versicolore, fleur b\u00e9n\u00e9fique"}]},{"@type":"WebSite","@id":"https:\/\/www.naturenb.ca\/fr\/#website","url":"https:\/\/www.naturenb.ca\/fr\/","name":"Nature NB","description":"","publisher":{"@id":"https:\/\/www.naturenb.ca\/fr\/#organization"},"potentialAction":[{"@type":"SearchAction","target":{"@type":"EntryPoint","urlTemplate":"https:\/\/www.naturenb.ca\/fr\/?s={search_term_string}"},"query-input":{"@type":"PropertyValueSpecification","valueRequired":true,"valueName":"search_term_string"}}],"inLanguage":"fr-CA"},{"@type":"Organization","@id":"https:\/\/www.naturenb.ca\/fr\/#organization","name":"Nature NB","url":"https:\/\/www.naturenb.ca\/fr\/","logo":{"@type":"ImageObject","inLanguage":"fr-CA","@id":"https:\/\/www.naturenb.ca\/fr\/#\/schema\/logo\/image\/","url":"https:\/\/www.naturenb.ca\/sites\/www.naturenb.ca\/wp-content\/uploads\/2023\/10\/NatureNB_Logo-1.png","contentUrl":"https:\/\/www.naturenb.ca\/sites\/www.naturenb.ca\/wp-content\/uploads\/2023\/10\/NatureNB_Logo-1.png","width":"1200","height":"750","caption":"Nature NB"},"image":{"@id":"https:\/\/www.naturenb.ca\/fr\/#\/schema\/logo\/image\/"}},{"@type":"Person","@id":"https:\/\/www.naturenb.ca\/fr\/#\/schema\/person\/3bb9896f4ebf775d808b3206795cc387","name":"SymbioTIC Admin","image":{"@type":"ImageObject","inLanguage":"fr-CA","@id":"https:\/\/secure.gravatar.com\/avatar\/c814fab14c6f67203ba004949d615c276cacbd371139d6fec0a2564346ebb65e?s=96&r=g","url":"https:\/\/secure.gravatar.com\/avatar\/c814fab14c6f67203ba004949d615c276cacbd371139d6fec0a2564346ebb65e?s=96&r=g","contentUrl":"https:\/\/secure.gravatar.com\/avatar\/c814fab14c6f67203ba004949d615c276cacbd371139d6fec0a2564346ebb65e?s=96&r=g","caption":"SymbioTIC Admin"},"url":"https:\/\/www.naturenb.ca\/fr\/author\/shane-symbiotic\/"}]}},"uagb_featured_image_src":{"full":["https:\/\/www.naturenb.ca\/sites\/www.naturenb.ca\/wp-content\/uploads\/2026\/01\/20220611_145846-scaled.jpg",2560,2560,false],"thumbnail":["https:\/\/www.naturenb.ca\/sites\/www.naturenb.ca\/wp-content\/uploads\/2026\/01\/20220611_145846-150x150.jpg",150,150,true],"medium":["https:\/\/www.naturenb.ca\/sites\/www.naturenb.ca\/wp-content\/uploads\/2026\/01\/20220611_145846-300x300.jpg",300,300,true],"medium_large":["https:\/\/www.naturenb.ca\/sites\/www.naturenb.ca\/wp-content\/uploads\/2026\/01\/20220611_145846-768x768.jpg",768,768,true],"large":["https:\/\/www.naturenb.ca\/sites\/www.naturenb.ca\/wp-content\/uploads\/2026\/01\/20220611_145846-1024x1024.jpg",1024,1024,true],"1536x1536":["https:\/\/www.naturenb.ca\/sites\/www.naturenb.ca\/wp-content\/uploads\/2026\/01\/20220611_145846-1536x1536.jpg",1536,1536,true],"2048x2048":["https:\/\/www.naturenb.ca\/sites\/www.naturenb.ca\/wp-content\/uploads\/2026\/01\/20220611_145846-2048x2048.jpg",2048,2048,true]},"uagb_author_info":{"display_name":"SymbioTIC Admin","author_link":"https:\/\/www.naturenb.ca\/fr\/author\/shane-symbiotic\/"},"uagb_comment_info":0,"uagb_excerpt":"Ce blogue invit\u00e9 fait partie d\u2019une s\u00e9rie d\u2019articles r\u00e9dig\u00e9s par des \u00e9tudiants de l\u2019Universit\u00e9 Mount Allison, dans le cadre d\u2019un partenariat entre Nature NB et le cours\u00a0\u00ab Applied Native Plants [&hellip;]","_links":{"self":[{"href":"https:\/\/www.naturenb.ca\/fr\/wp-json\/wp\/v2\/posts\/21612","targetHints":{"allow":["GET"]}}],"collection":[{"href":"https:\/\/www.naturenb.ca\/fr\/wp-json\/wp\/v2\/posts"}],"about":[{"href":"https:\/\/www.naturenb.ca\/fr\/wp-json\/wp\/v2\/types\/post"}],"author":[{"embeddable":true,"href":"https:\/\/www.naturenb.ca\/fr\/wp-json\/wp\/v2\/users\/2"}],"replies":[{"embeddable":true,"href":"https:\/\/www.naturenb.ca\/fr\/wp-json\/wp\/v2\/comments?post=21612"}],"version-history":[{"count":4,"href":"https:\/\/www.naturenb.ca\/fr\/wp-json\/wp\/v2\/posts\/21612\/revisions"}],"predecessor-version":[{"id":21622,"href":"https:\/\/www.naturenb.ca\/fr\/wp-json\/wp\/v2\/posts\/21612\/revisions\/21622"}],"wp:featuredmedia":[{"embeddable":true,"href":"https:\/\/www.naturenb.ca\/fr\/wp-json\/wp\/v2\/media\/21573"}],"wp:attachment":[{"href":"https:\/\/www.naturenb.ca\/fr\/wp-json\/wp\/v2\/media?parent=21612"}],"wp:term":[{"taxonomy":"category","embeddable":true,"href":"https:\/\/www.naturenb.ca\/fr\/wp-json\/wp\/v2\/categories?post=21612"},{"taxonomy":"post_tag","embeddable":true,"href":"https:\/\/www.naturenb.ca\/fr\/wp-json\/wp\/v2\/tags?post=21612"}],"curies":[{"name":"wp","href":"https:\/\/api.w.org\/{rel}","templated":true}]}}